{"id":807,"date":"2019-10-16T16:23:25","date_gmt":"2019-10-16T19:23:25","guid":{"rendered":"http:\/\/www2.uepg.br\/prae\/?p=807"},"modified":"2019-10-16T16:23:25","modified_gmt":"2019-10-16T19:23:25","slug":"saude-mental-inspiracao","status":"publish","type":"post","link":"https:\/\/www2.uepg.br\/prae\/saude-mental-inspiracao\/","title":{"rendered":"Sa\u00fade Mental &#8211; InspirA\u00e7\u00e3o"},"content":{"rendered":"<p align=\"justify\"><span style=\"color: #333234\"><span style=\"font-family: Roboto, Helvetica, Arial, sans-serif\"><span style=\"font-size: medium\"><b><img loading=\"lazy\" class=\" wp-image-125 alignleft\" src=\"http:\/\/www2.uepg.br\/prae\/wp-content\/uploads\/sites\/18\/2019\/05\/Prae-fundo-azul-1-300x212.png\" alt=\"\" width=\"239\" height=\"169\" srcset=\"https:\/\/www2.uepg.br\/prae\/wp-content\/uploads\/sites\/18\/2019\/05\/Prae-fundo-azul-1-300x212.png 300w, https:\/\/www2.uepg.br\/prae\/wp-content\/uploads\/sites\/18\/2019\/05\/Prae-fundo-azul-1-768x544.png 768w, https:\/\/www2.uepg.br\/prae\/wp-content\/uploads\/sites\/18\/2019\/05\/Prae-fundo-azul-1-1024x725.png 1024w\" sizes=\"(max-width: 239px) 100vw, 239px\" \/>A preven\u00e7\u00e3o \u00e9 a melhor ajuda<\/b><\/span><\/span><\/span><\/p>\n<p align=\"justify\"><span style=\"color: #333234\"><span style=\"font-family: Roboto, Helvetica, Arial, sans-serif\"><span style=\"font-size: medium\">A Pr\u00f3-Reitoria de Assuntos Estudantis e Diretoria de A\u00e7\u00f5es Afirmativas e Diversidade acredita que a preven\u00e7\u00e3o \u00e9 a melhor ajuda quanto ao tema da sa\u00fade mental. <\/span><\/span><\/span><\/p>\n<p align=\"justify\"><span style=\"color: #333234\"><span style=\"font-family: Roboto, Helvetica, Arial, sans-serif\"><span style=\"font-size: medium\">Nesse sentido, a InspirA\u00e7\u00e3o, plataforma desenvolvida por pesquisadores da \u00e1rea de Enfermagem, Centro de Educa\u00e7\u00e3o e Preven\u00e7\u00e3o de Suic\u00eddio \u2013 CEPS e Laborat\u00f3rio de Estudos e Preven\u00e7\u00e3o de Suic\u00eddio \u2013 LEPS, da Universidade de S\u00e3o Paulo &#8211; USP, re\u00fane artigos, leituras, conte\u00fados que inspiram a\u00e7\u00f5es de cuidado, apoio, busca de bem estar, desenvolvimento pessoal e supera\u00e7\u00e3o: <\/span><\/span><\/span><a href=\"https:\/\/inspiracao-leps.com.br\/\"><span style=\"color: #333234\"><span style=\"font-family: Roboto, Helvetica, Arial, sans-serif\"><span style=\"font-size: medium\">saiba mais<\/span><\/span><\/span><\/a><\/p>\n","protected":false},"excerpt":{"rendered":"<p>A preven\u00e7\u00e3o \u00e9 a melhor ajuda A Pr\u00f3-Reitoria de Assuntos Estudantis e Diretoria de A\u00e7\u00f5es Afirmativas e Diversidade acredita que a preven\u00e7\u00e3o \u00e9 a melhor ajuda quanto ao tema da sa\u00fade mental. Nesse sentido, a InspirA\u00e7\u00e3o, plataforma desenvolvida por pesquisadores da \u00e1rea de Enfermagem, Centro de Educa\u00e7\u00e3o e Preven\u00e7\u00e3o de Suic\u00eddio \u2013 CEPS e Laborat\u00f3rio&nbsp;&hellip;<\/p>\n","protected":false},"author":37,"featured_media":808,"comment_status":"open","ping_status":"open","sticky":false,"template":"","format":"standard","meta":[],"categories":[5],"tags":[],"_links":{"self":[{"href":"https:\/\/www2.uepg.br\/prae\/wp-json\/wp\/v2\/posts\/807"}],"collection":[{"href":"https:\/\/www2.uepg.br\/prae\/wp-json\/wp\/v2\/posts"}],"about":[{"href":"https:\/\/www2.uepg.br\/prae\/wp-json\/wp\/v2\/types\/post"}],"author":[{"embeddable":true,"href":"https:\/\/www2.uepg.br\/prae\/wp-json\/wp\/v2\/users\/37"}],"replies":[{"embeddable":true,"href":"https:\/\/www2.uepg.br\/prae\/wp-json\/wp\/v2\/comments?post=807"}],"version-history":[{"count":1,"href":"https:\/\/www2.uepg.br\/prae\/wp-json\/wp\/v2\/posts\/807\/revisions"}],"predecessor-version":[{"id":809,"href":"https:\/\/www2.uepg.br\/prae\/wp-json\/wp\/v2\/posts\/807\/revisions\/809"}],"wp:featuredmedia":[{"embeddable":true,"href":"https:\/\/www2.uepg.br\/prae\/wp-json\/wp\/v2\/media\/808"}],"wp:attachment":[{"href":"https:\/\/www2.uepg.br\/prae\/wp-json\/wp\/v2\/media?parent=807"}],"wp:term":[{"taxonomy":"category","embeddable":true,"href":"https:\/\/www2.uepg.br\/prae\/wp-json\/wp\/v2\/categories?post=807"},{"taxonomy":"post_tag","embeddable":true,"href":"https:\/\/www2.uepg.br\/prae\/wp-json\/wp\/v2\/tags?post=807"}],"curies":[{"name":"wp","href":"https:\/\/api.w.org\/{rel}","templated":true}]}}