{"id":813,"date":"2019-10-21T10:41:31","date_gmt":"2019-10-21T13:41:31","guid":{"rendered":"http:\/\/www2.uepg.br\/prae\/?p=813"},"modified":"2019-10-21T10:41:36","modified_gmt":"2019-10-21T13:41:36","slug":"politica-de-cotas-ordem-de-servico-prae","status":"publish","type":"post","link":"https:\/\/www2.uepg.br\/prae\/politica-de-cotas-ordem-de-servico-prae\/","title":{"rendered":"Pol\u00edtica de Cotas &#8211; Ordem de Servi\u00e7o &#8211; PRAE"},"content":{"rendered":"<p align=\"justify\"><span style=\"font-family: Arial, sans-serif\"><span style=\"font-size: medium\"><img loading=\"lazy\" class=\" wp-image-54 alignleft\" src=\"http:\/\/www2.uepg.br\/prae\/wp-content\/uploads\/sites\/18\/2019\/05\/Prae-fundo-branco-1-300x261.png\" alt=\"\" width=\"225\" height=\"196\" srcset=\"https:\/\/www2.uepg.br\/prae\/wp-content\/uploads\/sites\/18\/2019\/05\/Prae-fundo-branco-1-300x261.png 300w, https:\/\/www2.uepg.br\/prae\/wp-content\/uploads\/sites\/18\/2019\/05\/Prae-fundo-branco-1-768x668.png 768w, https:\/\/www2.uepg.br\/prae\/wp-content\/uploads\/sites\/18\/2019\/05\/Prae-fundo-branco-1-1024x890.png 1024w, https:\/\/www2.uepg.br\/prae\/wp-content\/uploads\/sites\/18\/2019\/05\/Prae-fundo-branco-1.png 1302w\" sizes=\"(max-width: 225px) 100vw, 225px\" \/>A Professora Ione da Silva Jovino, Pr\u00f3-Reitora de Assuntos Estudantis da Universidade Estadual de Ponta Grossa, no uso de suas atribui\u00e7\u00f5es, considerando a necessidade de atender a regulamento de atividades da comiss\u00e3o de constata\u00e7\u00e3o da condi\u00e7\u00e3o de negro do candidato cotista na UEPG, orienta: <\/span><\/span><a href=\"https:\/\/www2.uepg.br\/\/prae\/wp-content\/uploads\/sites\/18\/2019\/10\/ORDEM-DE-SERVICO-COTAS-NEGROS_PRAE.pdf\"><span style=\"font-family: Arial, sans-serif\"><span style=\"font-size: medium\">Edital<\/span><\/span><\/a><\/p>\n","protected":false},"excerpt":{"rendered":"<p>A Professora Ione da Silva Jovino, Pr\u00f3-Reitora de Assuntos Estudantis da Universidade Estadual de Ponta Grossa, no uso de suas atribui\u00e7\u00f5es, considerando a necessidade de atender a regulamento de atividades da comiss\u00e3o de constata\u00e7\u00e3o da condi\u00e7\u00e3o de negro do candidato cotista na UEPG, orienta: Edital<\/p>\n","protected":false},"author":37,"featured_media":125,"comment_status":"open","ping_status":"open","sticky":false,"template":"","format":"standard","meta":[],"categories":[5],"tags":[],"_links":{"self":[{"href":"https:\/\/www2.uepg.br\/prae\/wp-json\/wp\/v2\/posts\/813"}],"collection":[{"href":"https:\/\/www2.uepg.br\/prae\/wp-json\/wp\/v2\/posts"}],"about":[{"href":"https:\/\/www2.uepg.br\/prae\/wp-json\/wp\/v2\/types\/post"}],"author":[{"embeddable":true,"href":"https:\/\/www2.uepg.br\/prae\/wp-json\/wp\/v2\/users\/37"}],"replies":[{"embeddable":true,"href":"https:\/\/www2.uepg.br\/prae\/wp-json\/wp\/v2\/comments?post=813"}],"version-history":[{"count":1,"href":"https:\/\/www2.uepg.br\/prae\/wp-json\/wp\/v2\/posts\/813\/revisions"}],"predecessor-version":[{"id":814,"href":"https:\/\/www2.uepg.br\/prae\/wp-json\/wp\/v2\/posts\/813\/revisions\/814"}],"wp:featuredmedia":[{"embeddable":true,"href":"https:\/\/www2.uepg.br\/prae\/wp-json\/wp\/v2\/media\/125"}],"wp:attachment":[{"href":"https:\/\/www2.uepg.br\/prae\/wp-json\/wp\/v2\/media?parent=813"}],"wp:term":[{"taxonomy":"category","embeddable":true,"href":"https:\/\/www2.uepg.br\/prae\/wp-json\/wp\/v2\/categories?post=813"},{"taxonomy":"post_tag","embeddable":true,"href":"https:\/\/www2.uepg.br\/prae\/wp-json\/wp\/v2\/tags?post=813"}],"curies":[{"name":"wp","href":"https:\/\/api.w.org\/{rel}","templated":true}]}}