{"id":816,"date":"2019-10-29T10:21:13","date_gmt":"2019-10-29T13:21:13","guid":{"rendered":"http:\/\/www2.uepg.br\/prae\/?p=816"},"modified":"2019-10-29T10:21:13","modified_gmt":"2019-10-29T13:21:13","slug":"igualdade-minha-voz-eu-uso-para-dizer-o-que-se-cala","status":"publish","type":"post","link":"https:\/\/www2.uepg.br\/prae\/igualdade-minha-voz-eu-uso-para-dizer-o-que-se-cala\/","title":{"rendered":"+ IGUALDADE: Minha voz eu uso para dizer o que se cala"},"content":{"rendered":"<p align=\"justify\"><span style=\"font-family: Arial, sans-serif\"><span style=\"font-size: large\"><span style=\"color: #1d2129\"><span style=\"color: #000000\"><img loading=\"lazy\" class=\"size-medium wp-image-817 alignleft\" src=\"http:\/\/www2.uepg.br\/prae\/wp-content\/uploads\/sites\/18\/2019\/10\/novembro-Negro-300x225.jpg\" alt=\"\" width=\"300\" height=\"225\" srcset=\"https:\/\/www2.uepg.br\/prae\/wp-content\/uploads\/sites\/18\/2019\/10\/novembro-Negro-300x225.jpg 300w, https:\/\/www2.uepg.br\/prae\/wp-content\/uploads\/sites\/18\/2019\/10\/novembro-Negro-768x576.jpg 768w, https:\/\/www2.uepg.br\/prae\/wp-content\/uploads\/sites\/18\/2019\/10\/novembro-Negro.jpg 960w\" sizes=\"(max-width: 300px) 100vw, 300px\" \/>Hoje na UEPG: <\/span><b>Novembro Negro<\/b> &#8211; A Pr\u00f3-Reitoria de Assuntos Estudantis parabeniza aos organizadores e aos acad\u00eamicos do Curso de Servi\u00e7o Social! <\/span><\/span><\/span><\/p>\n<p align=\"justify\"><span style=\"font-family: Arial, sans-serif\"><span style=\"font-size: large\"><span style=\"color: #000000\">Confira a Programa\u00e7\u00e3o:<\/span><\/span><\/span><\/p>\n<p align=\"justify\"><span style=\"font-family: Arial, sans-serif\"><span style=\"font-size: large\"><span style=\"color: #000000\">No dia 29 de outubro de 2019 (Grande Audit\u00f3rio <i>Campus <\/i>Central \u2013 UEPG).<\/span><\/span><\/span><\/p>\n<p align=\"justify\"><span style=\"font-family: Arial, sans-serif\"><span style=\"font-size: large\"><span style=\"color: #000000\">Confira a programa\u00e7\u00e3o:<\/span><\/span><\/span><\/p>\n<p align=\"justify\"><span style=\"font-family: Arial, sans-serif\"><span style=\"font-size: large\"><span style=\"color: #000000\">8:00h \u2013 Credenciamento.<\/span><\/span><\/span><\/p>\n<p align=\"justify\"><span style=\"font-family: Arial, sans-serif\"><span style=\"font-size: large\"><span style=\"color: #000000\">8:30min \u2013 Coffe Break.<\/span><\/span><\/span><\/p>\n<p align=\"justify\"><span style=\"font-family: Arial, sans-serif\"><span style=\"font-size: large\"><span style=\"color: #000000\">8:50min \u2013 Momento Cultural.<\/span><\/span><\/span><\/p>\n<p align=\"justify\"><span style=\"font-family: Arial, sans-serif\"><span style=\"font-size: large\"><span style=\"color: #000000\">9:00h \u2013 Abertura da Mesa de autoridades.<\/span><\/span><\/span><\/p>\n<p align=\"justify\"><span style=\"font-family: Arial, sans-serif\"><span style=\"font-size: large\"><span style=\"color: #000000\">9:40min \u2013 Palestra: O Desafio em ser crian\u00e7a\/adolescente negro no Brasil sob o olhar do Conselho Tutelar. Palestrante: Conselheira Tutelar: Michelly B. Markowcz<\/span><\/span><\/span><\/p>\n<p align=\"justify\"><span style=\"font-family: Arial, sans-serif\"><span style=\"font-size: large\"><span style=\"color: #000000\">10:20min \u2013 Palestra: Dia da Consci\u00eancia Negra, cotas e pol\u00edticas de a\u00e7\u00f5es afirmativas. Palestrante: Profa. Dra. Ione da Silva Jovino, Pr\u00f3-Reitora de Assuntos Estudantis \u2013 UEPG.<\/span><\/span><\/span><\/p>\n<p align=\"justify\"><span style=\"font-family: Arial, sans-serif\"><span style=\"font-size: large\"><span style=\"color: #000000\">11:00h \u2013 Relatos e Debate de experi\u00eancias de acad\u00eamicos cotistas.<\/span><\/span><\/span><\/p>\n<p align=\"justify\"><span style=\"font-family: Arial, sans-serif\"><span style=\"font-size: large\"><span style=\"color: #000000\">12:00h \u2013 Encerramento.<\/span><\/span><\/span><\/p>\n","protected":false},"excerpt":{"rendered":"<p>Hoje na UEPG: Novembro Negro &#8211; A Pr\u00f3-Reitoria de Assuntos Estudantis parabeniza aos organizadores e aos acad\u00eamicos do Curso de Servi\u00e7o Social! Confira a Programa\u00e7\u00e3o: No dia 29 de outubro de 2019 (Grande Audit\u00f3rio Campus Central \u2013 UEPG). Confira a programa\u00e7\u00e3o: 8:00h \u2013 Credenciamento. 8:30min \u2013 Coffe Break. 8:50min \u2013 Momento Cultural. 9:00h \u2013 Abertura&nbsp;&hellip;<\/p>\n","protected":false},"author":37,"featured_media":818,"comment_status":"open","ping_status":"open","sticky":false,"template":"","format":"standard","meta":[],"categories":[5],"tags":[],"_links":{"self":[{"href":"https:\/\/www2.uepg.br\/prae\/wp-json\/wp\/v2\/posts\/816"}],"collection":[{"href":"https:\/\/www2.uepg.br\/prae\/wp-json\/wp\/v2\/posts"}],"about":[{"href":"https:\/\/www2.uepg.br\/prae\/wp-json\/wp\/v2\/types\/post"}],"author":[{"embeddable":true,"href":"https:\/\/www2.uepg.br\/prae\/wp-json\/wp\/v2\/users\/37"}],"replies":[{"embeddable":true,"href":"https:\/\/www2.uepg.br\/prae\/wp-json\/wp\/v2\/comments?post=816"}],"version-history":[{"count":1,"href":"https:\/\/www2.uepg.br\/prae\/wp-json\/wp\/v2\/posts\/816\/revisions"}],"predecessor-version":[{"id":819,"href":"https:\/\/www2.uepg.br\/prae\/wp-json\/wp\/v2\/posts\/816\/revisions\/819"}],"wp:featuredmedia":[{"embeddable":true,"href":"https:\/\/www2.uepg.br\/prae\/wp-json\/wp\/v2\/media\/818"}],"wp:attachment":[{"href":"https:\/\/www2.uepg.br\/prae\/wp-json\/wp\/v2\/media?parent=816"}],"wp:term":[{"taxonomy":"category","embeddable":true,"href":"https:\/\/www2.uepg.br\/prae\/wp-json\/wp\/v2\/categories?post=816"},{"taxonomy":"post_tag","embeddable":true,"href":"https:\/\/www2.uepg.br\/prae\/wp-json\/wp\/v2\/tags?post=816"}],"curies":[{"name":"wp","href":"https:\/\/api.w.org\/{rel}","templated":true}]}}