{"id":820,"date":"2019-11-01T09:46:15","date_gmt":"2019-11-01T12:46:15","guid":{"rendered":"http:\/\/www2.uepg.br\/prae\/?p=820"},"modified":"2019-11-01T09:51:37","modified_gmt":"2019-11-01T12:51:37","slug":"820-2","status":"publish","type":"post","link":"https:\/\/www2.uepg.br\/prae\/820-2\/","title":{"rendered":"Ciclo de Palestras do NUREGS"},"content":{"rendered":"<p><span style=\"color: #666666\"><span style=\"font-family: Arial, sans-serif\"><span style=\"font-size: medium\"><img loading=\"lazy\" class=\" wp-image-56 alignleft\" src=\"http:\/\/www2.uepg.br\/prae\/wp-content\/uploads\/sites\/18\/2019\/05\/logo-prae-uepg-300x169.png\" alt=\"\" width=\"252\" height=\"142\" srcset=\"https:\/\/www2.uepg.br\/prae\/wp-content\/uploads\/sites\/18\/2019\/05\/logo-prae-uepg-300x169.png 300w, https:\/\/www2.uepg.br\/prae\/wp-content\/uploads\/sites\/18\/2019\/05\/logo-prae-uepg-768x432.png 768w, https:\/\/www2.uepg.br\/prae\/wp-content\/uploads\/sites\/18\/2019\/05\/logo-prae-uepg.png 960w\" sizes=\"(max-width: 252px) 100vw, 252px\" \/>Palestra NUREGS &#8211; <\/span><\/span><\/span><a href=\"https:\/\/www.facebook.com\/Nuregs-N%C3%BAcleo-de-Rela%C3%A7%C3%B5es-%C3%89tnico-Raciais-de-G%C3%AAnero-e-Sexualidade-1441482485872673\/?__tn__=kCH-R&amp;eid=ARBNdlzUVxm1FzyYP-88W9akIKgf7G8zuJBF0DDtpUVln54g6_tZO8JNGCD2KRtgkusNkHZRSL3xMXa5&amp;hc_ref=ARSh8mXRdppY2JVVFzAjCeRcl_Kdthqq1mGXfjYFmU-Te653jvBao8IDi4qPuZcUwbM&amp;fref=nf&amp;__xts__%5B0%5D=68.ARAHPEdXwyjtVzyar8xrcdh7uB-WEEvN4SrzrYCEFwsosLCV5Rl2RacpcMgmqU6OCUcjCd2D9hXmTcaWtib2SRZG6316EbmVWTzLWTGqdAjuQ-BaLIbaAhZdhGhqtqNNU_gUJrk0farFQ94qnqp5Ss4ZXcpJRszNLCd6l0d3pNwegYew4NPQYfCWDlUzFpg0JikxPZsQwq7MdnQiPfnoyqngnKETw5SGY1g7iN9qCqnjc2F19ffNDv6UEQHDfAkFKbanGErbj1Lz4f70isSqWFeWjShpWAyYtG_OunpzLYiUuCZoTGe0f6vu1Sto0yJVNID0-3CEkQcEUcKwFR-bmbH14JToxVK_mo0Cu2syn6CnSCNhxcAmasZd\"><span style=\"color: #000000\"><span style=\"font-family: Arial, sans-serif\"><span style=\"font-size: medium\"><b>N\u00facleo de Rela\u00e7\u00f5es \u00c9tnico-Raciais, de G\u00eanero e Sexualidade<\/b><\/span><\/span><\/span><\/a><\/p>\n<p><span style=\"color: #666666\"><span style=\"font-family: Arial, sans-serif\"><span style=\"font-size: medium\">Povos Ind\u00edgenas: Representa\u00e7\u00f5es, Preconceitos e Lutas num contexto autorit\u00e1rio.<br \/>\nProf. Ms. Jos\u00e9 Galdino.<br \/>\nData: 04 de novembro. Segunda-feira.<br \/>\nHor\u00e1rio: 17h00 as 18h30.<br \/>\nLocal: UEPG Campus Central<br \/>\nMiniaudit\u00f3rio Bloco B Sala 108<\/span><\/span><\/span><\/p>\n","protected":false},"excerpt":{"rendered":"<p>Palestra NUREGS &#8211; N\u00facleo de Rela\u00e7\u00f5es \u00c9tnico-Raciais, de G\u00eanero e Sexualidade Povos Ind\u00edgenas: Representa\u00e7\u00f5es, Preconceitos e Lutas num contexto autorit\u00e1rio. Prof. Ms. Jos\u00e9 Galdino. Data: 04 de novembro. Segunda-feira. Hor\u00e1rio: 17h00 as 18h30. Local: UEPG Campus Central Miniaudit\u00f3rio Bloco B Sala 108<\/p>\n","protected":false},"author":37,"featured_media":821,"comment_status":"open","ping_status":"open","sticky":false,"template":"","format":"standard","meta":[],"categories":[5],"tags":[],"_links":{"self":[{"href":"https:\/\/www2.uepg.br\/prae\/wp-json\/wp\/v2\/posts\/820"}],"collection":[{"href":"https:\/\/www2.uepg.br\/prae\/wp-json\/wp\/v2\/posts"}],"about":[{"href":"https:\/\/www2.uepg.br\/prae\/wp-json\/wp\/v2\/types\/post"}],"author":[{"embeddable":true,"href":"https:\/\/www2.uepg.br\/prae\/wp-json\/wp\/v2\/users\/37"}],"replies":[{"embeddable":true,"href":"https:\/\/www2.uepg.br\/prae\/wp-json\/wp\/v2\/comments?post=820"}],"version-history":[{"count":2,"href":"https:\/\/www2.uepg.br\/prae\/wp-json\/wp\/v2\/posts\/820\/revisions"}],"predecessor-version":[{"id":823,"href":"https:\/\/www2.uepg.br\/prae\/wp-json\/wp\/v2\/posts\/820\/revisions\/823"}],"wp:featuredmedia":[{"embeddable":true,"href":"https:\/\/www2.uepg.br\/prae\/wp-json\/wp\/v2\/media\/821"}],"wp:attachment":[{"href":"https:\/\/www2.uepg.br\/prae\/wp-json\/wp\/v2\/media?parent=820"}],"wp:term":[{"taxonomy":"category","embeddable":true,"href":"https:\/\/www2.uepg.br\/prae\/wp-json\/wp\/v2\/categories?post=820"},{"taxonomy":"post_tag","embeddable":true,"href":"https:\/\/www2.uepg.br\/prae\/wp-json\/wp\/v2\/tags?post=820"}],"curies":[{"name":"wp","href":"https:\/\/api.w.org\/{rel}","templated":true}]}}