{"id":824,"date":"2019-11-01T11:15:59","date_gmt":"2019-11-01T14:15:59","guid":{"rendered":"http:\/\/www2.uepg.br\/prae\/?p=824"},"modified":"2019-11-01T11:15:59","modified_gmt":"2019-11-01T14:15:59","slug":"experiencia-e-trajetoria-de-vida","status":"publish","type":"post","link":"https:\/\/www2.uepg.br\/prae\/experiencia-e-trajetoria-de-vida\/","title":{"rendered":"Experi\u00eancia e Trajet\u00f3ria de Vida"},"content":{"rendered":"<p align=\"justify\"><span style=\"color: #555555\"><img loading=\"lazy\" class=\"size-medium wp-image-826 alignleft\" src=\"http:\/\/www2.uepg.br\/prae\/wp-content\/uploads\/sites\/18\/2019\/11\/ione-300x169.jpg\" alt=\"\" width=\"300\" height=\"169\" srcset=\"https:\/\/www2.uepg.br\/prae\/wp-content\/uploads\/sites\/18\/2019\/11\/ione-300x169.jpg 300w, https:\/\/www2.uepg.br\/prae\/wp-content\/uploads\/sites\/18\/2019\/11\/ione-768x432.jpg 768w, https:\/\/www2.uepg.br\/prae\/wp-content\/uploads\/sites\/18\/2019\/11\/ione-1024x576.jpg 1024w, https:\/\/www2.uepg.br\/prae\/wp-content\/uploads\/sites\/18\/2019\/11\/ione-1232x693.jpg 1232w, https:\/\/www2.uepg.br\/prae\/wp-content\/uploads\/sites\/18\/2019\/11\/ione.jpg 1920w\" sizes=\"(max-width: 300px) 100vw, 300px\" \/>\u201c<\/span><span style=\"font-family: Arial, sans-serif\"><span style=\"font-size: medium\"><span style=\"color: #555555\">Quando voc\u00ea \u00e9 uma pessoa negra o racismo permite que as pessoas comecem a adotar pr\u00e1ticas que te anulem\u201d. N\u00e3o permitir que o racismo de outras pessoas anulasse suas a\u00e7\u00f5es foi a luta que Ione da Silva Jovino, 45 anos, professora negra P\u00f3s-doutorado em educa\u00e7\u00e3o e docente do Departamento Estudos da Linguagem da UEPG travou contra o sistema durante toda sua carreira como educadora da rede publica de educa\u00e7\u00e3o. <\/span><a href=\"https:\/\/foradefocopg.wordpress.com\/2019\/05\/13\/a-forca-de-ione-da-silva-jovino\/?fbclid=IwAR1PII7aqxqiaTHkgNGcWy0iWAnbhRAgwc2PftH5L-MUM7hlx1dx2v-By4o\"><span style=\"color: #555555\">Clique<\/span><\/a><\/span><\/span><\/p>\n","protected":false},"excerpt":{"rendered":"<p>\u201cQuando voc\u00ea \u00e9 uma pessoa negra o racismo permite que as pessoas comecem a adotar pr\u00e1ticas que te anulem\u201d. N\u00e3o permitir que o racismo de outras pessoas anulasse suas a\u00e7\u00f5es foi a luta que Ione da Silva Jovino, 45 anos, professora negra P\u00f3s-doutorado em educa\u00e7\u00e3o e docente do Departamento Estudos da Linguagem da UEPG travou&nbsp;&hellip;<\/p>\n","protected":false},"author":37,"featured_media":825,"comment_status":"open","ping_status":"open","sticky":false,"template":"","format":"standard","meta":[],"categories":[5],"tags":[],"_links":{"self":[{"href":"https:\/\/www2.uepg.br\/prae\/wp-json\/wp\/v2\/posts\/824"}],"collection":[{"href":"https:\/\/www2.uepg.br\/prae\/wp-json\/wp\/v2\/posts"}],"about":[{"href":"https:\/\/www2.uepg.br\/prae\/wp-json\/wp\/v2\/types\/post"}],"author":[{"embeddable":true,"href":"https:\/\/www2.uepg.br\/prae\/wp-json\/wp\/v2\/users\/37"}],"replies":[{"embeddable":true,"href":"https:\/\/www2.uepg.br\/prae\/wp-json\/wp\/v2\/comments?post=824"}],"version-history":[{"count":1,"href":"https:\/\/www2.uepg.br\/prae\/wp-json\/wp\/v2\/posts\/824\/revisions"}],"predecessor-version":[{"id":827,"href":"https:\/\/www2.uepg.br\/prae\/wp-json\/wp\/v2\/posts\/824\/revisions\/827"}],"wp:featuredmedia":[{"embeddable":true,"href":"https:\/\/www2.uepg.br\/prae\/wp-json\/wp\/v2\/media\/825"}],"wp:attachment":[{"href":"https:\/\/www2.uepg.br\/prae\/wp-json\/wp\/v2\/media?parent=824"}],"wp:term":[{"taxonomy":"category","embeddable":true,"href":"https:\/\/www2.uepg.br\/prae\/wp-json\/wp\/v2\/categories?post=824"},{"taxonomy":"post_tag","embeddable":true,"href":"https:\/\/www2.uepg.br\/prae\/wp-json\/wp\/v2\/tags?post=824"}],"curies":[{"name":"wp","href":"https:\/\/api.w.org\/{rel}","templated":true}]}}