{"id":829,"date":"2019-11-06T10:33:42","date_gmt":"2019-11-06T13:33:42","guid":{"rendered":"http:\/\/www2.uepg.br\/prae\/?p=829"},"modified":"2019-11-20T15:09:45","modified_gmt":"2019-11-20T18:09:45","slug":"oficinas-maria-nos-bairros-e-papo-de-homem","status":"publish","type":"post","link":"https:\/\/www2.uepg.br\/prae\/oficinas-maria-nos-bairros-e-papo-de-homem\/","title":{"rendered":"Oficinas: &#8220;Maria nos Bairros&#8221; e &#8220;Papo de Homem&#8221;"},"content":{"rendered":"<p align=\"justify\"><span style=\"color: #000000\"><span style=\"font-family: Arial, sans-serif\"><span style=\"font-size: medium\"><img loading=\"lazy\" class=\"size-medium wp-image-9 alignleft\" src=\"http:\/\/www2.uepg.br\/prae\/wp-content\/uploads\/sites\/18\/2019\/05\/Prae-fundo-azul-e1557924270547-300x212.png\" alt=\"\" width=\"300\" height=\"212\" \/>A Pr\u00f3-Reitoria de Assuntos Estudantis \u2013 PRAE, atrav\u00e9s da Diretoria de A\u00e7\u00f5es Afirmativas e Diversidade, iniciou em outubro uma parceria com o Juizado de Viol\u00eancia Dom\u00e9stica e Familiar contra a Mulher e anexos da Comarca de Ponta Grossa\/PR. A a\u00e7\u00e3o ocorreu com base em levantamento realizado pelo Ju\u00edzo de que a maioria das v\u00edtimas de feminic\u00eddio em Ponta Grossa se tratavam de jovens, estudantes universit\u00e1rias.<\/span><\/span><\/span><\/p>\n<p align=\"justify\"><span style=\"color: #000000\"><span style=\"font-family: Arial, sans-serif\"><span style=\"font-size: medium\">Diante disso, o Juizado da Mulher de Ponta Grossa, reconhecido por desenvolver, atrav\u00e9s do setor de Servi\u00e7o Social, a\u00e7\u00f5es de preven\u00e7\u00e3o e enfrentamento \u00e0 viol\u00eancia contra a mulher na cidade, trar\u00e1 para a UEPG dois dos seus principais projetos: o\u00a0<\/span><\/span><\/span><span style=\"color: #000000\"><span style=\"font-family: Arial, sans-serif\"><span style=\"font-size: medium\"><strong>\u201cMaria nos Bairros\u201d e o \u201cPapo de Homem\u201d.<\/strong><\/span><\/span><\/span><\/p>\n<p align=\"justify\"><span style=\"color: #000000\"><span style=\"font-family: Arial, sans-serif\"><span style=\"font-size: medium\">Aberta a toda comunidade acad\u00eamica, homens e mulheres poder\u00e3o se inscrever em uma ou nas duas oficinas que objetivam, atrav\u00e9s de rodas de conversa, refletir sobre a Lei Maria da Penha (Lei n\u00ba 11.340\/2006), as formas de manifesta\u00e7\u00f5es da viol\u00eancia contra a mulher e os servi\u00e7os disponibilizados no munic\u00edpio, bem como sobre a masculinidade hegem\u00f4nica, pap\u00e9is sociais e os padr\u00f5es de comportamento que, em grande medida, contribuem para os crescentes pedidos de prote\u00e7\u00e3o de mulheres na cidade. <a href=\"https:\/\/www.uepg.br\/diretoria-de-acoes-afirmativas-e-diversidade-firma-parceria-com-juizado-de-ponta-grossa\/\">Leia mais<\/a><\/span><\/span><\/span><\/p>\n<p align=\"justify\"><span style=\"color: #000000\"><span style=\"font-family: Arial, sans-serif\"><span style=\"font-size: medium\">Inscri\u00e7\u00f5es: <\/span><\/span><\/span><span style=\"color: #000000\"><span style=\"font-family: Arial, sans-serif\"><span style=\"font-size: medium\"><a href=\"https:\/\/docs.google.com\/forms\/d\/e\/1FAIpQLSf7M0tbgKrWqMppeBPA35zVsuWVwwLXC85kA0JBVRbyB170_A\/viewform\">https:\/\/docs.google.com\/forms\/d\/1X2NkqzigN7Qk9zEmELz0SeJ0h9LmMap6TbItCs1BFTw\/edit<\/a><\/span><\/span><\/span><\/p>\n<p align=\"justify\"><span style=\"color: #000000\"><span style=\"font-family: Arial, sans-serif\"><span style=\"font-size: medium\"><strong>Oficinas:<\/strong><\/span><\/span><\/span><\/p>\n<p align=\"justify\"><span style=\"color: #000000\"><span style=\"font-family: Arial, sans-serif\"><span style=\"font-size: medium\">Dia 21\/11\/2019 \u2013 \u00c0s 14h \u2013 Papo de Homem \u2013 Sala A 05<\/span><\/span><\/span><\/p>\n<p align=\"justify\"><span style=\"color: #000000\"><span style=\"font-family: Arial, sans-serif\"><span style=\"font-size: medium\">Dia 21\/11\/2019 \u2013 \u00c0s 16 h \u2013 Maria nos Bairros \u2013 Sala A 05<\/span><\/span><\/span><\/p>\n<p align=\"justify\">\n","protected":false},"excerpt":{"rendered":"<p>A Pr\u00f3-Reitoria de Assuntos Estudantis \u2013 PRAE, atrav\u00e9s da Diretoria de A\u00e7\u00f5es Afirmativas e Diversidade, iniciou em outubro uma parceria com o Juizado de Viol\u00eancia Dom\u00e9stica e Familiar contra a Mulher e anexos da Comarca de Ponta Grossa\/PR. A a\u00e7\u00e3o ocorreu com base em levantamento realizado pelo Ju\u00edzo de que a maioria das v\u00edtimas de&nbsp;&hellip;<\/p>\n","protected":false},"author":37,"featured_media":791,"comment_status":"open","ping_status":"open","sticky":false,"template":"","format":"standard","meta":[],"categories":[5],"tags":[],"_links":{"self":[{"href":"https:\/\/www2.uepg.br\/prae\/wp-json\/wp\/v2\/posts\/829"}],"collection":[{"href":"https:\/\/www2.uepg.br\/prae\/wp-json\/wp\/v2\/posts"}],"about":[{"href":"https:\/\/www2.uepg.br\/prae\/wp-json\/wp\/v2\/types\/post"}],"author":[{"embeddable":true,"href":"https:\/\/www2.uepg.br\/prae\/wp-json\/wp\/v2\/users\/37"}],"replies":[{"embeddable":true,"href":"https:\/\/www2.uepg.br\/prae\/wp-json\/wp\/v2\/comments?post=829"}],"version-history":[{"count":3,"href":"https:\/\/www2.uepg.br\/prae\/wp-json\/wp\/v2\/posts\/829\/revisions"}],"predecessor-version":[{"id":836,"href":"https:\/\/www2.uepg.br\/prae\/wp-json\/wp\/v2\/posts\/829\/revisions\/836"}],"wp:featuredmedia":[{"embeddable":true,"href":"https:\/\/www2.uepg.br\/prae\/wp-json\/wp\/v2\/media\/791"}],"wp:attachment":[{"href":"https:\/\/www2.uepg.br\/prae\/wp-json\/wp\/v2\/media?parent=829"}],"wp:term":[{"taxonomy":"category","embeddable":true,"href":"https:\/\/www2.uepg.br\/prae\/wp-json\/wp\/v2\/categories?post=829"},{"taxonomy":"post_tag","embeddable":true,"href":"https:\/\/www2.uepg.br\/prae\/wp-json\/wp\/v2\/tags?post=829"}],"curies":[{"name":"wp","href":"https:\/\/api.w.org\/{rel}","templated":true}]}}