{"id":833,"date":"2019-11-19T13:02:38","date_gmt":"2019-11-19T16:02:38","guid":{"rendered":"http:\/\/www2.uepg.br\/prae\/?p=833"},"modified":"2019-11-19T13:09:59","modified_gmt":"2019-11-19T16:09:59","slug":"vestibular-indigena-2019","status":"publish","type":"post","link":"https:\/\/www2.uepg.br\/prae\/vestibular-indigena-2019\/","title":{"rendered":"Vestibular dos Povos Ind\u00edgena do Paran\u00e1 2019"},"content":{"rendered":"<p align=\"justify\"><span style=\"font-family: Arial, sans-serif\"><span style=\"color: #333234\"><span style=\"font-size: medium\"><img loading=\"lazy\" class=\"wp-image-56 alignleft\" src=\"http:\/\/www2.uepg.br\/prae\/wp-content\/uploads\/sites\/18\/2019\/05\/logo-prae-uepg-300x169.png\" alt=\"\" width=\"264\" height=\"149\" srcset=\"https:\/\/www2.uepg.br\/prae\/wp-content\/uploads\/sites\/18\/2019\/05\/logo-prae-uepg-300x169.png 300w, https:\/\/www2.uepg.br\/prae\/wp-content\/uploads\/sites\/18\/2019\/05\/logo-prae-uepg-768x432.png 768w, https:\/\/www2.uepg.br\/prae\/wp-content\/uploads\/sites\/18\/2019\/05\/logo-prae-uepg.png 960w\" sizes=\"(max-width: 264px) 100vw, 264px\" \/>Nesta segunda (18), estudantes ind\u00edgenas se re<\/span><\/span><span style=\"color: #333234\"><span style=\"font-size: medium\">uniram<\/span><\/span><span style=\"color: #333234\"><span style=\"font-size: medium\"> para realizar o segundo dia de avalia\u00e7\u00f5es do Vestibular dos Povos Ind\u00edgenas do Paran\u00e1. <\/span><\/span><span style=\"color: #333234\"><span style=\"font-size: medium\">As provas foram<\/span><\/span><span style=\"color: #333234\"><span style=\"font-size: medium\"> aplicadas em seis cidades paranaenses: Curitiba, Londrina, Mangueirinha, Chopinzinho, Manoel Ribas e Nova Laranjeiras. A UEPG ficou respons\u00e1vel pela aplica\u00e7\u00e3o das provas em Manoel Ribas.<\/span><\/span> <a href=\"https:\/\/www.uepg.br\/uepg-valoriza-participacao-de-estudantes-indigenas-na-universidade\/?fbclid=IwAR0XfyZWJitDk0MtqA8uqc_FNgkZSiaY6JC79PsoYnjSK0pj-MECYP0Q6Sk\">Leia mais&#8230;<\/a><\/span><\/p>\n","protected":false},"excerpt":{"rendered":"<p>Nesta segunda (18), estudantes ind\u00edgenas se reuniram para realizar o segundo dia de avalia\u00e7\u00f5es do Vestibular dos Povos Ind\u00edgenas do Paran\u00e1. As provas foram aplicadas em seis cidades paranaenses: Curitiba, Londrina, Mangueirinha, Chopinzinho, Manoel Ribas e Nova Laranjeiras. A UEPG ficou respons\u00e1vel pela aplica\u00e7\u00e3o das provas em Manoel Ribas. Leia mais&#8230;<\/p>\n","protected":false},"author":37,"featured_media":795,"comment_status":"open","ping_status":"open","sticky":false,"template":"","format":"standard","meta":[],"categories":[5],"tags":[],"_links":{"self":[{"href":"https:\/\/www2.uepg.br\/prae\/wp-json\/wp\/v2\/posts\/833"}],"collection":[{"href":"https:\/\/www2.uepg.br\/prae\/wp-json\/wp\/v2\/posts"}],"about":[{"href":"https:\/\/www2.uepg.br\/prae\/wp-json\/wp\/v2\/types\/post"}],"author":[{"embeddable":true,"href":"https:\/\/www2.uepg.br\/prae\/wp-json\/wp\/v2\/users\/37"}],"replies":[{"embeddable":true,"href":"https:\/\/www2.uepg.br\/prae\/wp-json\/wp\/v2\/comments?post=833"}],"version-history":[{"count":2,"href":"https:\/\/www2.uepg.br\/prae\/wp-json\/wp\/v2\/posts\/833\/revisions"}],"predecessor-version":[{"id":835,"href":"https:\/\/www2.uepg.br\/prae\/wp-json\/wp\/v2\/posts\/833\/revisions\/835"}],"wp:featuredmedia":[{"embeddable":true,"href":"https:\/\/www2.uepg.br\/prae\/wp-json\/wp\/v2\/media\/795"}],"wp:attachment":[{"href":"https:\/\/www2.uepg.br\/prae\/wp-json\/wp\/v2\/media?parent=833"}],"wp:term":[{"taxonomy":"category","embeddable":true,"href":"https:\/\/www2.uepg.br\/prae\/wp-json\/wp\/v2\/categories?post=833"},{"taxonomy":"post_tag","embeddable":true,"href":"https:\/\/www2.uepg.br\/prae\/wp-json\/wp\/v2\/tags?post=833"}],"curies":[{"name":"wp","href":"https:\/\/api.w.org\/{rel}","templated":true}]}}