{"id":837,"date":"2019-11-21T16:45:52","date_gmt":"2019-11-21T19:45:52","guid":{"rendered":"http:\/\/www2.uepg.br\/prae\/?p=837"},"modified":"2019-11-21T16:45:52","modified_gmt":"2019-11-21T19:45:52","slug":"reuniao-das-comissoes-de-formatura-institucional","status":"publish","type":"post","link":"https:\/\/www2.uepg.br\/prae\/reuniao-das-comissoes-de-formatura-institucional\/","title":{"rendered":"Reuni\u00e3o das Comiss\u00f5es de Formatura Institucional"},"content":{"rendered":"<p align=\"justify\"><span style=\"font-family: Arial, sans-serif\"><span style=\"font-size: medium\"><img loading=\"lazy\" class=\"size-medium wp-image-125 alignleft\" src=\"http:\/\/www2.uepg.br\/prae\/wp-content\/uploads\/sites\/18\/2019\/05\/Prae-fundo-azul-1-300x212.png\" alt=\"\" width=\"300\" height=\"212\" srcset=\"https:\/\/www2.uepg.br\/prae\/wp-content\/uploads\/sites\/18\/2019\/05\/Prae-fundo-azul-1-300x212.png 300w, https:\/\/www2.uepg.br\/prae\/wp-content\/uploads\/sites\/18\/2019\/05\/Prae-fundo-azul-1-768x544.png 768w, https:\/\/www2.uepg.br\/prae\/wp-content\/uploads\/sites\/18\/2019\/05\/Prae-fundo-azul-1-1024x725.png 1024w\" sizes=\"(max-width: 300px) 100vw, 300px\" \/>Prezados(as) Formandos(as),<\/span><\/span><\/p>\n<p align=\"justify\"><span style=\"font-family: Arial, sans-serif\"><span style=\"font-size: medium\">A Pr\u00f3-Reitoria de Gradua\u00e7\u00e3o &#8211; PROGRAD, a Pr\u00f3-Reitoria de Assuntos Estudantis \u2013 PRAE e o Cerimonial convidam as <b>C<\/b><b>omiss\u00f5es de <\/b><b>F<\/b><b>ormatura<\/b> e demais interessados(as) na formatura institucional (a ser realizada no per\u00edodo de 02 a 06 de mar\u00e7o de 2019) para reuni\u00e3o nos dias 04 e 11 de dezembro.<\/span><\/span><\/p>\n<p align=\"justify\"><span style=\"font-family: Arial, sans-serif\"><span style=\"font-size: medium\"><u><b>R<\/b><b>EUNI\u00d5ES<\/b><b> <\/b><b>DAS COMISS\u00d5ES DE FORMATURA<\/b><\/u><\/span><\/span><\/p>\n<p align=\"justify\"><span style=\"font-family: Arial, sans-serif\"><span style=\"font-size: medium\"><u><b>PAUTA:<\/b><\/u><b> Manual da Formatura Institucional e Orienta\u00e7\u00f5es\/Esclarecimentos sobre a Formatura Institucional<\/b><\/span><\/span><\/p>\n<p align=\"justify\"><span style=\"font-family: Arial, sans-serif\"><span style=\"font-size: medium\"><b>DATA: 04 e 11 de Dezembro de 2019<\/b><\/span><\/span><\/p>\n<p align=\"justify\"><span style=\"font-family: Arial, sans-serif\"><span style=\"font-size: medium\"><b>LOCAL: Grande Audit\u00f3rio <\/b><\/span><\/span><\/p>\n<p align=\"justify\"><span style=\"font-family: Arial, sans-serif\"><span style=\"font-size: medium\"><b>HOR\u00c1RIO: Das 17h30 \u00e0s 18h30<\/b><\/span><\/span><\/p>\n<p align=\"justify\"><span style=\"font-family: Arial, sans-serif\"><span style=\"font-size: medium\"><b>DATA: 11 de Dezembro de 2019<\/b><\/span><\/span><\/p>\n<p align=\"justify\"><span style=\"font-family: Arial, sans-serif\"><span style=\"font-size: medium\"><b>LOCAL: Pr\u00e9dio do PDE<\/b><\/span><\/span><\/p>\n<p align=\"justify\"><span style=\"font-family: Arial, sans-serif\"><span style=\"font-size: medium\"><b>HOR\u00c1RIO: Das 17h30 \u00e0s 18h30<\/b><\/span><\/span><\/p>\n","protected":false},"excerpt":{"rendered":"<p>Prezados(as) Formandos(as), A Pr\u00f3-Reitoria de Gradua\u00e7\u00e3o &#8211; PROGRAD, a Pr\u00f3-Reitoria de Assuntos Estudantis \u2013 PRAE e o Cerimonial convidam as Comiss\u00f5es de Formatura e demais interessados(as) na formatura institucional (a ser realizada no per\u00edodo de 02 a 06 de mar\u00e7o de 2019) para reuni\u00e3o nos dias 04 e 11 de dezembro. REUNI\u00d5ES DAS COMISS\u00d5ES DE&nbsp;&hellip;<\/p>\n","protected":false},"author":37,"featured_media":652,"comment_status":"open","ping_status":"open","sticky":false,"template":"","format":"standard","meta":[],"categories":[5],"tags":[],"_links":{"self":[{"href":"https:\/\/www2.uepg.br\/prae\/wp-json\/wp\/v2\/posts\/837"}],"collection":[{"href":"https:\/\/www2.uepg.br\/prae\/wp-json\/wp\/v2\/posts"}],"about":[{"href":"https:\/\/www2.uepg.br\/prae\/wp-json\/wp\/v2\/types\/post"}],"author":[{"embeddable":true,"href":"https:\/\/www2.uepg.br\/prae\/wp-json\/wp\/v2\/users\/37"}],"replies":[{"embeddable":true,"href":"https:\/\/www2.uepg.br\/prae\/wp-json\/wp\/v2\/comments?post=837"}],"version-history":[{"count":1,"href":"https:\/\/www2.uepg.br\/prae\/wp-json\/wp\/v2\/posts\/837\/revisions"}],"predecessor-version":[{"id":838,"href":"https:\/\/www2.uepg.br\/prae\/wp-json\/wp\/v2\/posts\/837\/revisions\/838"}],"wp:featuredmedia":[{"embeddable":true,"href":"https:\/\/www2.uepg.br\/prae\/wp-json\/wp\/v2\/media\/652"}],"wp:attachment":[{"href":"https:\/\/www2.uepg.br\/prae\/wp-json\/wp\/v2\/media?parent=837"}],"wp:term":[{"taxonomy":"category","embeddable":true,"href":"https:\/\/www2.uepg.br\/prae\/wp-json\/wp\/v2\/categories?post=837"},{"taxonomy":"post_tag","embeddable":true,"href":"https:\/\/www2.uepg.br\/prae\/wp-json\/wp\/v2\/tags?post=837"}],"curies":[{"name":"wp","href":"https:\/\/api.w.org\/{rel}","templated":true}]}}