{"id":844,"date":"2019-11-29T10:03:45","date_gmt":"2019-11-29T13:03:45","guid":{"rendered":"http:\/\/www2.uepg.br\/prae\/?p=844"},"modified":"2019-11-29T10:03:45","modified_gmt":"2019-11-29T13:03:45","slug":"v-encontro-de-educacao-superior-indigena-do-parana","status":"publish","type":"post","link":"https:\/\/www2.uepg.br\/prae\/v-encontro-de-educacao-superior-indigena-do-parana\/","title":{"rendered":"V Encontro de Educa\u00e7\u00e3o Superior Ind\u00edgena do Paran\u00e1"},"content":{"rendered":"<p align=\"justify\"><span style=\"font-family: Arial, sans-serif\"><span style=\"font-size: medium\"><span style=\"color: #172938\"><img loading=\"lazy\" class=\"size-medium wp-image-125 alignleft\" src=\"http:\/\/www2.uepg.br\/prae\/wp-content\/uploads\/sites\/18\/2019\/05\/Prae-fundo-azul-1-300x212.png\" alt=\"\" width=\"300\" height=\"212\" srcset=\"https:\/\/www2.uepg.br\/prae\/wp-content\/uploads\/sites\/18\/2019\/05\/Prae-fundo-azul-1-300x212.png 300w, https:\/\/www2.uepg.br\/prae\/wp-content\/uploads\/sites\/18\/2019\/05\/Prae-fundo-azul-1-768x544.png 768w, https:\/\/www2.uepg.br\/prae\/wp-content\/uploads\/sites\/18\/2019\/05\/Prae-fundo-azul-1-1024x725.png 1024w\" sizes=\"(max-width: 300px) 100vw, 300px\" \/>Entre os dias 29 de novembro e 1 de dezembro <\/span><span style=\"color: #172938\">de 2019<\/span><span style=\"color: #172938\">, <\/span><span style=\"color: #172938\">acad\u00eamicos ind\u00edgenas, docentes e agentes universit\u00e1rios da Universidade Estadual de Ponta Grossa<\/span><span style=\"color: #172938\"> devem participar do <\/span><span style=\"color: #172938\"><b>V<\/b><\/span><span style=\"color: #172938\"><b> Encontro de Educa\u00e7\u00e3o Superior Ind\u00edgena do Paran\u00e1<\/b><\/span><span style=\"color: #172938\">. A <\/span><span style=\"color: #172938\">Pr\u00f3-Reitoria de Assuntos Estudantis<\/span><span style=\"color: #172938\"> apoia a iniciativa, juntamente com a Superintend\u00eancia Geral de Ci\u00eancia, Tecnologia e Ensino Superior (SETI), CUIA Estadual e demais universidades estaduais do Paran\u00e1.<\/span><\/span><\/span><\/p>\n","protected":false},"excerpt":{"rendered":"<p>Entre os dias 29 de novembro e 1 de dezembro de 2019, acad\u00eamicos ind\u00edgenas, docentes e agentes universit\u00e1rios da Universidade Estadual de Ponta Grossa devem participar do V Encontro de Educa\u00e7\u00e3o Superior Ind\u00edgena do Paran\u00e1. A Pr\u00f3-Reitoria de Assuntos Estudantis apoia a iniciativa, juntamente com a Superintend\u00eancia Geral de Ci\u00eancia, Tecnologia e Ensino Superior (SETI),&nbsp;&hellip;<\/p>\n","protected":false},"author":37,"featured_media":845,"comment_status":"open","ping_status":"open","sticky":false,"template":"","format":"standard","meta":[],"categories":[5],"tags":[],"_links":{"self":[{"href":"https:\/\/www2.uepg.br\/prae\/wp-json\/wp\/v2\/posts\/844"}],"collection":[{"href":"https:\/\/www2.uepg.br\/prae\/wp-json\/wp\/v2\/posts"}],"about":[{"href":"https:\/\/www2.uepg.br\/prae\/wp-json\/wp\/v2\/types\/post"}],"author":[{"embeddable":true,"href":"https:\/\/www2.uepg.br\/prae\/wp-json\/wp\/v2\/users\/37"}],"replies":[{"embeddable":true,"href":"https:\/\/www2.uepg.br\/prae\/wp-json\/wp\/v2\/comments?post=844"}],"version-history":[{"count":1,"href":"https:\/\/www2.uepg.br\/prae\/wp-json\/wp\/v2\/posts\/844\/revisions"}],"predecessor-version":[{"id":846,"href":"https:\/\/www2.uepg.br\/prae\/wp-json\/wp\/v2\/posts\/844\/revisions\/846"}],"wp:featuredmedia":[{"embeddable":true,"href":"https:\/\/www2.uepg.br\/prae\/wp-json\/wp\/v2\/media\/845"}],"wp:attachment":[{"href":"https:\/\/www2.uepg.br\/prae\/wp-json\/wp\/v2\/media?parent=844"}],"wp:term":[{"taxonomy":"category","embeddable":true,"href":"https:\/\/www2.uepg.br\/prae\/wp-json\/wp\/v2\/categories?post=844"},{"taxonomy":"post_tag","embeddable":true,"href":"https:\/\/www2.uepg.br\/prae\/wp-json\/wp\/v2\/tags?post=844"}],"curies":[{"name":"wp","href":"https:\/\/api.w.org\/{rel}","templated":true}]}}