{"id":864,"date":"2019-12-20T08:31:37","date_gmt":"2019-12-20T11:31:37","guid":{"rendered":"http:\/\/www2.uepg.br\/prae\/?p=864"},"modified":"2019-12-20T10:44:44","modified_gmt":"2019-12-20T13:44:44","slug":"engenheiro-agronomo-kaingang","status":"publish","type":"post","link":"https:\/\/www2.uepg.br\/prae\/engenheiro-agronomo-kaingang\/","title":{"rendered":"Engenheiro Agr\u00f4nomo Kaingang"},"content":{"rendered":"<p align=\"justify\"><span style=\"font-family: Arial, sans-serif\"><span style=\"font-size: medium\"><img loading=\"lazy\" class=\"size-medium wp-image-865 alignleft\" src=\"http:\/\/www2.uepg.br\/prae\/wp-content\/uploads\/sites\/18\/2019\/12\/joel-300x179.jpg\" alt=\"\" width=\"300\" height=\"179\" srcset=\"https:\/\/www2.uepg.br\/prae\/wp-content\/uploads\/sites\/18\/2019\/12\/joel-300x179.jpg 300w, https:\/\/www2.uepg.br\/prae\/wp-content\/uploads\/sites\/18\/2019\/12\/joel-768x458.jpg 768w, https:\/\/www2.uepg.br\/prae\/wp-content\/uploads\/sites\/18\/2019\/12\/joel.jpg 960w\" sizes=\"(max-width: 300px) 100vw, 300px\" \/>A Pr\u00f3-Reitoria de Assuntos Estudantis &#8211; PRAE, assim como a Diretoria de A\u00e7\u00f5es Afirmativas e Diversidade &#8211; DAAD parabenizam o Acad\u00eamico Joel Anast\u00e1cio, primeiro acad\u00eamico Kaingang da Universidade Estadual de Ponta Grossa &#8211; UEPG a formar-se Engenheiro Agr\u00f4nomo.<\/span><\/span><\/p>\n","protected":false},"excerpt":{"rendered":"<p>A Pr\u00f3-Reitoria de Assuntos Estudantis &#8211; PRAE, assim como a Diretoria de A\u00e7\u00f5es Afirmativas e Diversidade &#8211; DAAD parabenizam o Acad\u00eamico Joel Anast\u00e1cio, primeiro acad\u00eamico Kaingang da Universidade Estadual de Ponta Grossa &#8211; UEPG a formar-se Engenheiro Agr\u00f4nomo.<\/p>\n","protected":false},"author":37,"featured_media":867,"comment_status":"open","ping_status":"open","sticky":false,"template":"","format":"standard","meta":[],"categories":[5],"tags":[],"_links":{"self":[{"href":"https:\/\/www2.uepg.br\/prae\/wp-json\/wp\/v2\/posts\/864"}],"collection":[{"href":"https:\/\/www2.uepg.br\/prae\/wp-json\/wp\/v2\/posts"}],"about":[{"href":"https:\/\/www2.uepg.br\/prae\/wp-json\/wp\/v2\/types\/post"}],"author":[{"embeddable":true,"href":"https:\/\/www2.uepg.br\/prae\/wp-json\/wp\/v2\/users\/37"}],"replies":[{"embeddable":true,"href":"https:\/\/www2.uepg.br\/prae\/wp-json\/wp\/v2\/comments?post=864"}],"version-history":[{"count":3,"href":"https:\/\/www2.uepg.br\/prae\/wp-json\/wp\/v2\/posts\/864\/revisions"}],"predecessor-version":[{"id":869,"href":"https:\/\/www2.uepg.br\/prae\/wp-json\/wp\/v2\/posts\/864\/revisions\/869"}],"wp:featuredmedia":[{"embeddable":true,"href":"https:\/\/www2.uepg.br\/prae\/wp-json\/wp\/v2\/media\/867"}],"wp:attachment":[{"href":"https:\/\/www2.uepg.br\/prae\/wp-json\/wp\/v2\/media?parent=864"}],"wp:term":[{"taxonomy":"category","embeddable":true,"href":"https:\/\/www2.uepg.br\/prae\/wp-json\/wp\/v2\/categories?post=864"},{"taxonomy":"post_tag","embeddable":true,"href":"https:\/\/www2.uepg.br\/prae\/wp-json\/wp\/v2\/tags?post=864"}],"curies":[{"name":"wp","href":"https:\/\/api.w.org\/{rel}","templated":true}]}}