{"id":880,"date":"2020-01-21T18:03:23","date_gmt":"2020-01-21T21:03:23","guid":{"rendered":"http:\/\/www2.uepg.br\/prae\/?p=880"},"modified":"2020-02-10T11:49:27","modified_gmt":"2020-02-10T14:49:27","slug":"prae-novos-editais","status":"publish","type":"post","link":"https:\/\/www2.uepg.br\/prae\/prae-novos-editais\/","title":{"rendered":"PRAE &#8211; Novos Editais"},"content":{"rendered":"<p><img loading=\"lazy\" class=\"size-medium wp-image-125 alignleft\" src=\"http:\/\/www2.uepg.br\/prae\/wp-content\/uploads\/sites\/18\/2019\/05\/Prae-fundo-azul-1-300x212.png\" alt=\"\" width=\"300\" height=\"212\" srcset=\"https:\/\/www2.uepg.br\/prae\/wp-content\/uploads\/sites\/18\/2019\/05\/Prae-fundo-azul-1-300x212.png 300w, https:\/\/www2.uepg.br\/prae\/wp-content\/uploads\/sites\/18\/2019\/05\/Prae-fundo-azul-1-768x544.png 768w, https:\/\/www2.uepg.br\/prae\/wp-content\/uploads\/sites\/18\/2019\/05\/Prae-fundo-azul-1-1024x725.png 1024w\" sizes=\"(max-width: 300px) 100vw, 300px\" \/><a href=\"https:\/\/www2.uepg.br\/\/prae\/wp-content\/uploads\/sites\/18\/2020\/01\/EDITAL-01-2020-RESULTADO-FINAL-VESTIBULAR-INDIGENA-2020.pdf\">Edital PRAE 01\/2020 &#8211; Resultado XIX Vestibular dos Povos Ind\u00edgenas do Paran\u00e1<\/a><\/p>\n<p><a href=\"https:\/\/www2.uepg.br\/\/prae\/wp-content\/uploads\/sites\/18\/2020\/01\/EDITAL-02-2020-RU-CALOUROS.pdf\">Edital PRAE 02\/2020 &#8211; Solicita\u00e7\u00e3o Restaurante Universit\u00e1rio &#8211; Calouros<\/a><\/p>\n<p><a href=\"https:\/\/www2.uepg.br\/\/prae\/wp-content\/uploads\/sites\/18\/2020\/01\/EDITAL-03-2020-RU-VETERANOS.pdf\">Edital PRAE 03\/2020 &#8211; Renova\u00e7\u00e3o Restaurante Universit\u00e1rio &#8211; Veteranos<\/a><\/p>\n<p><a href=\"https:\/\/www2.uepg.br\/\/prae\/wp-content\/uploads\/sites\/18\/2020\/01\/EDITAL-04-2020-BOLSA-PERMAN%c3%8aNCIA.pdf\">Edital PRAE 04\/2020 &#8211; Solicita\u00e7\u00e3o Bolsa Pernan\u00eancia<\/a><\/p>\n<p align=\"justify\"><span style=\"font-family: Arial, sans-serif\"><i>A<\/i><i>ten\u00e7\u00e3o:<\/i> Informamos aos acad\u00eamicos de Bolsa Perman\u00eancia que os pedidos dever\u00e3o ser protocolados via Sistema Eletr\u00f4nico de Informa\u00e7\u00e3o \u2013 <a href=\"https:\/\/sei.uepg.br\/\">Sistema &#8211; SEI<\/a><\/span><\/p>\n<p>&nbsp;<\/p>\n<p>&nbsp;<\/p>\n<p>&nbsp;<\/p>\n","protected":false},"excerpt":{"rendered":"<p>Edital PRAE 01\/2020 &#8211; Resultado XIX Vestibular dos Povos Ind\u00edgenas do Paran\u00e1 Edital PRAE 02\/2020 &#8211; Solicita\u00e7\u00e3o Restaurante Universit\u00e1rio &#8211; Calouros Edital PRAE 03\/2020 &#8211; Renova\u00e7\u00e3o Restaurante Universit\u00e1rio &#8211; Veteranos Edital PRAE 04\/2020 &#8211; Solicita\u00e7\u00e3o Bolsa Pernan\u00eancia Aten\u00e7\u00e3o: Informamos aos acad\u00eamicos de Bolsa Perman\u00eancia que os pedidos dever\u00e3o ser protocolados via Sistema Eletr\u00f4nico de Informa\u00e7\u00e3o&nbsp;&hellip;<\/p>\n","protected":false},"author":37,"featured_media":722,"comment_status":"open","ping_status":"open","sticky":false,"template":"","format":"standard","meta":[],"categories":[5],"tags":[],"_links":{"self":[{"href":"https:\/\/www2.uepg.br\/prae\/wp-json\/wp\/v2\/posts\/880"}],"collection":[{"href":"https:\/\/www2.uepg.br\/prae\/wp-json\/wp\/v2\/posts"}],"about":[{"href":"https:\/\/www2.uepg.br\/prae\/wp-json\/wp\/v2\/types\/post"}],"author":[{"embeddable":true,"href":"https:\/\/www2.uepg.br\/prae\/wp-json\/wp\/v2\/users\/37"}],"replies":[{"embeddable":true,"href":"https:\/\/www2.uepg.br\/prae\/wp-json\/wp\/v2\/comments?post=880"}],"version-history":[{"count":2,"href":"https:\/\/www2.uepg.br\/prae\/wp-json\/wp\/v2\/posts\/880\/revisions"}],"predecessor-version":[{"id":886,"href":"https:\/\/www2.uepg.br\/prae\/wp-json\/wp\/v2\/posts\/880\/revisions\/886"}],"wp:featuredmedia":[{"embeddable":true,"href":"https:\/\/www2.uepg.br\/prae\/wp-json\/wp\/v2\/media\/722"}],"wp:attachment":[{"href":"https:\/\/www2.uepg.br\/prae\/wp-json\/wp\/v2\/media?parent=880"}],"wp:term":[{"taxonomy":"category","embeddable":true,"href":"https:\/\/www2.uepg.br\/prae\/wp-json\/wp\/v2\/categories?post=880"},{"taxonomy":"post_tag","embeddable":true,"href":"https:\/\/www2.uepg.br\/prae\/wp-json\/wp\/v2\/tags?post=880"}],"curies":[{"name":"wp","href":"https:\/\/api.w.org\/{rel}","templated":true}]}}