{"id":887,"date":"2020-02-13T08:57:49","date_gmt":"2020-02-13T11:57:49","guid":{"rendered":"http:\/\/www2.uepg.br\/prae\/?p=887"},"modified":"2020-02-13T08:57:49","modified_gmt":"2020-02-13T11:57:49","slug":"plantao-social","status":"publish","type":"post","link":"https:\/\/www2.uepg.br\/prae\/plantao-social\/","title":{"rendered":"Plant\u00e3o Social"},"content":{"rendered":"<p align=\"justify\"><span style=\"font-family: Arial, sans-serif\"><span style=\"font-size: large\"><img loading=\"lazy\" class=\" wp-image-125 alignleft\" src=\"http:\/\/www2.uepg.br\/prae\/wp-content\/uploads\/sites\/18\/2019\/05\/Prae-fundo-azul-1-300x212.png\" alt=\"\" width=\"232\" height=\"164\" srcset=\"https:\/\/www2.uepg.br\/prae\/wp-content\/uploads\/sites\/18\/2019\/05\/Prae-fundo-azul-1-300x212.png 300w, https:\/\/www2.uepg.br\/prae\/wp-content\/uploads\/sites\/18\/2019\/05\/Prae-fundo-azul-1-768x544.png 768w, https:\/\/www2.uepg.br\/prae\/wp-content\/uploads\/sites\/18\/2019\/05\/Prae-fundo-azul-1-1024x725.png 1024w\" sizes=\"(max-width: 232px) 100vw, 232px\" \/>Plant\u00e3o Social para atendimento dos veteranos \u2013 <i>Campus <\/i>Central<\/span><\/span><\/p>\n<p align=\"justify\"><span style=\"font-family: Arial, sans-serif\"><span style=\"font-size: large\"><u>Assunto:<\/u> Inscri\u00e7\u00f5es para o Restaurante Universit\u00e1rio (RU)<\/span><\/span><\/p>\n<p align=\"justify\"><span style=\"font-family: Arial, sans-serif\"><span style=\"font-size: large\"><u>Local:<\/u> Bloco A \u2013 Sala 107 (Ao lado SESISA)<\/span><\/span><\/p>\n<p align=\"justify\"><span style=\"font-family: Arial, sans-serif\"><span style=\"font-size: large\"><u>Data:<\/u> 18 de fevereiro de 2020<\/span><\/span><\/p>\n<p align=\"justify\"><span style=\"font-family: Arial, sans-serif\"><span style=\"font-size: large\"><u>Hor\u00e1rio:<\/u> 08:30h \u00e0s 12:00h e das 14:00h \u00e0s 19:00h<\/span><\/span><\/p>\n<p>&nbsp;<\/p>\n","protected":false},"excerpt":{"rendered":"<p>Plant\u00e3o Social para atendimento dos veteranos \u2013 Campus Central Assunto: Inscri\u00e7\u00f5es para o Restaurante Universit\u00e1rio (RU) Local: Bloco A \u2013 Sala 107 (Ao lado SESISA) Data: 18 de fevereiro de 2020 Hor\u00e1rio: 08:30h \u00e0s 12:00h e das 14:00h \u00e0s 19:00h &nbsp;<\/p>\n","protected":false},"author":37,"featured_media":652,"comment_status":"open","ping_status":"open","sticky":false,"template":"","format":"standard","meta":[],"categories":[5],"tags":[],"_links":{"self":[{"href":"https:\/\/www2.uepg.br\/prae\/wp-json\/wp\/v2\/posts\/887"}],"collection":[{"href":"https:\/\/www2.uepg.br\/prae\/wp-json\/wp\/v2\/posts"}],"about":[{"href":"https:\/\/www2.uepg.br\/prae\/wp-json\/wp\/v2\/types\/post"}],"author":[{"embeddable":true,"href":"https:\/\/www2.uepg.br\/prae\/wp-json\/wp\/v2\/users\/37"}],"replies":[{"embeddable":true,"href":"https:\/\/www2.uepg.br\/prae\/wp-json\/wp\/v2\/comments?post=887"}],"version-history":[{"count":1,"href":"https:\/\/www2.uepg.br\/prae\/wp-json\/wp\/v2\/posts\/887\/revisions"}],"predecessor-version":[{"id":888,"href":"https:\/\/www2.uepg.br\/prae\/wp-json\/wp\/v2\/posts\/887\/revisions\/888"}],"wp:featuredmedia":[{"embeddable":true,"href":"https:\/\/www2.uepg.br\/prae\/wp-json\/wp\/v2\/media\/652"}],"wp:attachment":[{"href":"https:\/\/www2.uepg.br\/prae\/wp-json\/wp\/v2\/media?parent=887"}],"wp:term":[{"taxonomy":"category","embeddable":true,"href":"https:\/\/www2.uepg.br\/prae\/wp-json\/wp\/v2\/categories?post=887"},{"taxonomy":"post_tag","embeddable":true,"href":"https:\/\/www2.uepg.br\/prae\/wp-json\/wp\/v2\/tags?post=887"}],"curies":[{"name":"wp","href":"https:\/\/api.w.org\/{rel}","templated":true}]}}