{"id":897,"date":"2020-02-27T14:23:29","date_gmt":"2020-02-27T17:23:29","guid":{"rendered":"http:\/\/www2.uepg.br\/prae\/?p=897"},"modified":"2020-03-17T13:47:44","modified_gmt":"2020-03-17T16:47:44","slug":"novo-edital-bolsa-permanencia","status":"publish","type":"post","link":"https:\/\/www2.uepg.br\/prae\/novo-edital-bolsa-permanencia\/","title":{"rendered":"Novos Editais &#8211; Bolsa Perman\u00eancia, Isen\u00e7\u00e3o da Taxa &#8211; Vestibular de Inverno e Convoca\u00e7\u00e3o Lista de Espera"},"content":{"rendered":"<p><img loading=\"lazy\" class=\"wp-image-125 alignleft\" src=\"http:\/\/www2.uepg.br\/prae\/wp-content\/uploads\/sites\/18\/2019\/05\/Prae-fundo-azul-1-300x212.png\" alt=\"\" width=\"246\" height=\"174\" srcset=\"https:\/\/www2.uepg.br\/prae\/wp-content\/uploads\/sites\/18\/2019\/05\/Prae-fundo-azul-1-300x212.png 300w, https:\/\/www2.uepg.br\/prae\/wp-content\/uploads\/sites\/18\/2019\/05\/Prae-fundo-azul-1-768x544.png 768w, https:\/\/www2.uepg.br\/prae\/wp-content\/uploads\/sites\/18\/2019\/05\/Prae-fundo-azul-1-1024x725.png 1024w\" sizes=\"(max-width: 246px) 100vw, 246px\" \/>Resultado Final Bolsa Perman\u00eancia 2020:<\/p>\n<p><a href=\"https:\/\/www2.uepg.br\/\/prae\/wp-content\/uploads\/sites\/18\/2020\/02\/edital-06-2020-Bolsa-Perman%c3%aancia-Beneficiados-final.pdf\">EDITAL PRAE n\u00ba 06\/2020<\/a><\/p>\n<p>Isen\u00e7\u00e3o Taxa Vestibular Inverno 2020:<\/p>\n<p><a href=\"http:\/\/www2.uepg.br\/prae\/wp-content\/uploads\/sites\/18\/2020\/03\/EDITAL-PRAE-05-2020-ISEN\u00c7\u00c3O-PARA-O-VESTIBULAR-DE-INVERNO-2020-UEPG.pdf\">EDITAL PRAE 05 2020 &#8211; ISEN\u00c7\u00c3O PARA O VESTIBULAR DE INVERNO 2020 &#8211; UEPG<\/a><\/p>\n<p><a href=\"http:\/\/www2.uepg.br\/prae\/wp-content\/uploads\/sites\/18\/2020\/03\/EDITAL-012-2020-RETIFICA\u00c7\u00c3O-DO-PROCEDIMENTO-DE-SOLICITA\u00c7\u00c3O-DO-PEDIDO-DE-ISEN\u00c7\u00c3O-PARA-O-VESTIBULAR-DE-INVERNO-2020.pdf\">EDITAL 012 2020 &#8211; RETIFICA\u00c7\u00c3O DO PROCEDIMENTO DE SOLICITA\u00c7\u00c3O DO PEDIDO DE ISEN\u00c7\u00c3O PARA O VESTIBULAR DE INVERNO 2020<\/a><\/p>\n<p><a href=\"https:\/\/www2.uepg.br\/\/prae\/wp-content\/uploads\/sites\/18\/2020\/03\/EDITAL-07-2020.pdf\">EDITAL PRAE N\u00ba 07\/2020<\/a> &#8211; Convoca\u00e7\u00e3o Lista de Espera &#8211; Camila de Oliveira<\/p>\n<p>&nbsp;<\/p>\n","protected":false},"excerpt":{"rendered":"<p>Resultado Final Bolsa Perman\u00eancia 2020: EDITAL PRAE n\u00ba 06\/2020 Isen\u00e7\u00e3o Taxa Vestibular Inverno 2020: EDITAL PRAE 05 2020 &#8211; ISEN\u00c7\u00c3O PARA O VESTIBULAR DE INVERNO 2020 &#8211; UEPG EDITAL 012 2020 &#8211; RETIFICA\u00c7\u00c3O DO PROCEDIMENTO DE SOLICITA\u00c7\u00c3O DO PEDIDO DE ISEN\u00c7\u00c3O PARA O VESTIBULAR DE INVERNO 2020 EDITAL PRAE N\u00ba 07\/2020 &#8211; Convoca\u00e7\u00e3o Lista de&nbsp;&hellip;<\/p>\n","protected":false},"author":37,"featured_media":212,"comment_status":"open","ping_status":"open","sticky":false,"template":"","format":"standard","meta":[],"categories":[5],"tags":[],"_links":{"self":[{"href":"https:\/\/www2.uepg.br\/prae\/wp-json\/wp\/v2\/posts\/897"}],"collection":[{"href":"https:\/\/www2.uepg.br\/prae\/wp-json\/wp\/v2\/posts"}],"about":[{"href":"https:\/\/www2.uepg.br\/prae\/wp-json\/wp\/v2\/types\/post"}],"author":[{"embeddable":true,"href":"https:\/\/www2.uepg.br\/prae\/wp-json\/wp\/v2\/users\/37"}],"replies":[{"embeddable":true,"href":"https:\/\/www2.uepg.br\/prae\/wp-json\/wp\/v2\/comments?post=897"}],"version-history":[{"count":10,"href":"https:\/\/www2.uepg.br\/prae\/wp-json\/wp\/v2\/posts\/897\/revisions"}],"predecessor-version":[{"id":989,"href":"https:\/\/www2.uepg.br\/prae\/wp-json\/wp\/v2\/posts\/897\/revisions\/989"}],"wp:featuredmedia":[{"embeddable":true,"href":"https:\/\/www2.uepg.br\/prae\/wp-json\/wp\/v2\/media\/212"}],"wp:attachment":[{"href":"https:\/\/www2.uepg.br\/prae\/wp-json\/wp\/v2\/media?parent=897"}],"wp:term":[{"taxonomy":"category","embeddable":true,"href":"https:\/\/www2.uepg.br\/prae\/wp-json\/wp\/v2\/categories?post=897"},{"taxonomy":"post_tag","embeddable":true,"href":"https:\/\/www2.uepg.br\/prae\/wp-json\/wp\/v2\/tags?post=897"}],"curies":[{"name":"wp","href":"https:\/\/api.w.org\/{rel}","templated":true}]}}