{"id":957,"date":"2020-03-06T15:51:50","date_gmt":"2020-03-06T18:51:50","guid":{"rendered":"http:\/\/www2.uepg.br\/prae\/?p=957"},"modified":"2020-03-06T15:55:04","modified_gmt":"2020-03-06T18:55:04","slug":"uepg-realiza-diversas-acoes-em-comemoracao-ao-dia-internacional-da-mulher","status":"publish","type":"post","link":"https:\/\/www2.uepg.br\/prae\/uepg-realiza-diversas-acoes-em-comemoracao-ao-dia-internacional-da-mulher\/","title":{"rendered":"UEPG realiza diversas a\u00e7\u00f5es em comemora\u00e7\u00e3o ao Dia Internacional da Mulher"},"content":{"rendered":"<p>Fonte: <a href=\"https:\/\/www.uepg.br\/uepg-realiza-diversas-acoes-em-comemoracao-ao-dia-da-mulher\/\">https:\/\/www.uepg.br\/uepg-realiza-diversas-acoes-em-comemoracao-ao-dia-da-mulher\/<\/a><\/p>\n<p>Para o m\u00eas de mar\u00e7o, em comemora\u00e7\u00e3o ao dia da mulher, a Universidade Estadual de Ponta Grossa (UEPG) e a Pr\u00f3-Reitoria de Assuntos Estudantis (Prae) organizaram a\u00e7\u00f5es nos campi da universidade para discutir a viol\u00eancia de g\u00eanero. As atividades iniciaram nesta ter\u00e7a-feira (03), com a oficina \u201cEduca\u00e7\u00e3o para a Paz\u201d, ministrada pelo professor Ney Alberto Salles Filho no Campus Central da UEPG, na sala A19 do Bloco A, \u00e0s 17h30.<\/p>\n<p>Na quarta-feira (04), as atividades se dividiram entre os dois campi. Em Uvaranas, na Central de Salas, aconteceu a apresenta\u00e7\u00e3o da pe\u00e7a de teatro \u201cO que eu deveria ser se n\u00e3o fosse quem eu sou\u201d, com o grupo formado pela atriz e autora do texto Michella Fran\u00e7a, diretor e sonoplasta David Dias, iluminador Carlos Phantasma e produtora Amanda Peiter.<\/p>\n<p>Na sequ\u00eancia, a pesquisador Bruna Woinorsvki de Miranda (UEPG \u2013 TJ) falou sobre os casos de viol\u00eancia no \u00e2mbito universit\u00e1rio. \u201cO juizado da mulher do Tribunal de Justi\u00e7a do Paran\u00e1 realizou uma parceria com a Prae da UEPG e agora, vamos iniciar as atividades. Existem muitos casos de viol\u00eancia contra a mulher no espa\u00e7o acad\u00eamico. Inclusive, um dos levantamento que fizemos sobre os feminic\u00eddios apontou que boa parte deles envolvia universit\u00e1rias. Por isso, vamos come\u00e7ar a desenvolver a sensibiliza\u00e7\u00e3o desse p\u00fablico\u201d, explica.<\/p>\n<p>Com o prop\u00f3sito de marcar as mobiliza\u00e7\u00f5es referentes ao Dia Internacional da Mulher em Ponta Grossa, no Campus Central aconteceu o evento \u201cMulheres e direitos: enfrentamento de viol\u00eancias m\u00faltiplas\u201d. Dentre as a\u00e7\u00f5es, houve um painel com a participa\u00e7\u00e3o da ju\u00edza de Direito Denise Antunes sobre o tema do ass\u00e9dio e da jornalista e advogada Vanessa Foga\u00e7a Prateano, que tratou da viol\u00eancia contra as mulheres e a cobertura midi\u00e1tica.<\/p>\n<p>Segundo uma das organizadoras do evento, professora Karina Janz Woitowicz, trata-se de uma proposta transdisciplinar que surgiu das preocupa\u00e7\u00f5es de grupos de pesquisa e extens\u00e3o em enfocar o debate sobre a viol\u00eancia de g\u00eanero e contra as mulheres, tema que se torna cada vez mais relevante na atualidade.<\/p>\n<p>\u201cDiante da banaliza\u00e7\u00e3o da viol\u00eancia machista, o evento chama a aten\u00e7\u00e3o para a necessidade de refletir sobre o assunto e fortalecer as lutas por direitos\u201d, observa a professora. Al\u00e9m do painel, o evento promoveu uma exposi\u00e7\u00e3o de cartazes com os casos de feminic\u00eddio em Ponta Grossa, que estar\u00e1 dispon\u00edvel em diversos espa\u00e7os da UEPG e da cidade, exibi\u00e7\u00f5es semanais de document\u00e1rios e rodas de conversa sobre temas voltados aos direitos das mulheres.<\/p>\n<p>O evento \u201cMulheres e direitos: enfrentamento de viol\u00eancias m\u00faltiplas\u201d \u00e9 promovido pelo Grupo de Pesquisa Jornalismo e G\u00eanero do Mestrado em Jornalismo, projeto de extens\u00e3o Elos \u2013 Jornalismo, Direitos Humanos e Forma\u00e7\u00e3o Cidad\u00e3, N\u00facleo Maria da Penha (NUMAPE), Laborat\u00f3rio de Estudos de G\u00eanero, Diversidade, Inf\u00e2ncia e Subjetividades (LAGEDIS) e Grupo de Estudos Territoriais (GETE). Durante o m\u00eas, est\u00e3o previstas outras atividades tamb\u00e9m como panfletagem, confec\u00e7\u00e3o de cartazes e interven\u00e7\u00f5es nas escadarias dos blocos. Tamb\u00e9m ser\u00e1 feita a coleta de dados para a pesquisa \u201cA viol\u00eancia por tr\u00e1s dos muros universit\u00e1rios\u201d, realizada pelo programa de p\u00f3s-gradua\u00e7\u00e3o em desenvolvimento comunit\u00e1rio da Unicentro em parceria com a Diretoria de A\u00e7\u00f5es Afirmativas e Diversidade (DAAD).<\/p>\n<p>As atividades s\u00e3o parte de um planejamento conjunto entre a Diretoria de A\u00e7\u00f5es Afirmativas e Diversidade (DAAD), Pr\u00f3-Reitoria de Assuntos Estudantis (PRAE), Laborat\u00f3rio de Estudos de G\u00eanero, Diversidade, Inf\u00e2ncia e Subjetividades (LAGEDIS), Grupo de Estudos Territoriais (GETE), N\u00facleo de Maria da Penha (NUMAPE), Projeto Elos \u2013 Direitos Humanos, Jornalismo e Forma\u00e7\u00e3o Cidad\u00e3, N\u00facleo de Educa\u00e7\u00e3o para a Paz (NEP), Mestrado em Jornalismo, \u00a0Servi\u00e7o Social do Tribunal de Justi\u00e7a (TJPR), Diret\u00f3rio Central de Estudantes (DCE) e lideran\u00e7as estudantis na UEPG.<\/p>\n<p>Texto: adaptado &#8211; divulga\u00e7\u00e3o \u00a0 Foto: Vanessa Hrenechen<\/p>\n<p>&nbsp;<\/p>\n","protected":false},"excerpt":{"rendered":"<p>Fonte: https:\/\/www.uepg.br\/uepg-realiza-diversas-acoes-em-comemoracao-ao-dia-da-mulher\/ Para o m\u00eas de mar\u00e7o, em comemora\u00e7\u00e3o ao dia da mulher, a Universidade Estadual de Ponta Grossa (UEPG) e a Pr\u00f3-Reitoria de Assuntos Estudantis (Prae) organizaram a\u00e7\u00f5es nos campi da universidade para discutir a viol\u00eancia de g\u00eanero. As atividades iniciaram nesta ter\u00e7a-feira (03), com a oficina \u201cEduca\u00e7\u00e3o para a Paz\u201d, ministrada pelo professor&nbsp;&hellip;<\/p>\n","protected":false},"author":24,"featured_media":959,"comment_status":"open","ping_status":"open","sticky":false,"template":"","format":"standard","meta":[],"categories":[5],"tags":[],"_links":{"self":[{"href":"https:\/\/www2.uepg.br\/prae\/wp-json\/wp\/v2\/posts\/957"}],"collection":[{"href":"https:\/\/www2.uepg.br\/prae\/wp-json\/wp\/v2\/posts"}],"about":[{"href":"https:\/\/www2.uepg.br\/prae\/wp-json\/wp\/v2\/types\/post"}],"author":[{"embeddable":true,"href":"https:\/\/www2.uepg.br\/prae\/wp-json\/wp\/v2\/users\/24"}],"replies":[{"embeddable":true,"href":"https:\/\/www2.uepg.br\/prae\/wp-json\/wp\/v2\/comments?post=957"}],"version-history":[{"count":3,"href":"https:\/\/www2.uepg.br\/prae\/wp-json\/wp\/v2\/posts\/957\/revisions"}],"predecessor-version":[{"id":961,"href":"https:\/\/www2.uepg.br\/prae\/wp-json\/wp\/v2\/posts\/957\/revisions\/961"}],"wp:featuredmedia":[{"embeddable":true,"href":"https:\/\/www2.uepg.br\/prae\/wp-json\/wp\/v2\/media\/959"}],"wp:attachment":[{"href":"https:\/\/www2.uepg.br\/prae\/wp-json\/wp\/v2\/media?parent=957"}],"wp:term":[{"taxonomy":"category","embeddable":true,"href":"https:\/\/www2.uepg.br\/prae\/wp-json\/wp\/v2\/categories?post=957"},{"taxonomy":"post_tag","embeddable":true,"href":"https:\/\/www2.uepg.br\/prae\/wp-json\/wp\/v2\/tags?post=957"}],"curies":[{"name":"wp","href":"https:\/\/api.w.org\/{rel}","templated":true}]}}