{"id":974,"date":"2020-03-11T14:50:30","date_gmt":"2020-03-11T17:50:30","guid":{"rendered":"http:\/\/www2.uepg.br\/prae\/?p=974"},"modified":"2020-03-11T14:51:55","modified_gmt":"2020-03-11T17:51:55","slug":"informe-sobre-os-selos-2020-do-restaurante-universitario","status":"publish","type":"post","link":"https:\/\/www2.uepg.br\/prae\/informe-sobre-os-selos-2020-do-restaurante-universitario\/","title":{"rendered":"INFORME SOBRE OS SELOS 2020 DO RESTAURANTE UNIVERSIT\u00c1RIO"},"content":{"rendered":"<p style=\"text-align: center\"><strong>SELOS 2020<\/strong><\/p>\n<p>&nbsp;<\/p>\n<table width=\"643\" cellspacing=\"0\" cellpadding=\"4\">\n<colgroup>\n<col width=\"263\" \/>\n<col width=\"362\" \/> <\/colgroup>\n<tbody>\n<tr valign=\"top\">\n<td width=\"263\">\n<p align=\"left\"><span style=\"color: #000000\"><span style=\"font-family: Liberation Serif, serif\"><span style=\"font-size: medium\"><b>ACAD\u00caMICOS DA P\u00d3S-GRADUA\u00c7\u00c3O: <\/b><\/span><\/span><\/span><\/p>\n<\/td>\n<td width=\"362\">\n<p align=\"left\"><span style=\"color: #000000\"><span style=\"font-family: Liberation Serif, serif\"><span style=\"font-size: medium\">Os Acad\u00eamicos de P\u00f3s-gradua\u00e7\u00e3o j\u00e1 podem solicitar a coloca\u00e7\u00e3o do selo 2020 na identidade estudantil para acesso ao RU na <b>S<\/b><b>ecretaria do P\u00f3s-Gradua\u00e7\u00e3o, sala 11- bloco da Reitoria.<\/b><\/span><\/span><\/span><\/p>\n<\/td>\n<\/tr>\n<tr valign=\"top\">\n<td width=\"263\">\n<p align=\"left\"><span style=\"color: #000000\"><span style=\"font-family: Liberation Serif, serif\"><span style=\"font-size: medium\"><b>UATI <\/b><\/span><\/span><\/span><\/p>\n<\/td>\n<td width=\"362\">\n<p align=\"justify\"><span style=\"color: #000000\"><span style=\"font-family: Liberation Serif, serif\"><span style=\"font-size: medium\">Os<b> <\/b>acad\u00eamicos da UATI j\u00e1 podem solicitar a coloca\u00e7\u00e3o do selo 2020 na identidade estudantil no <b>Guich\u00ea de venda de tickets \u2013 Campus Central<\/b>, localizada abaixo da escada, no p\u00e1tio interno do Campus Central.<\/span><\/span><\/span><\/p>\n<\/td>\n<\/tr>\n<tr valign=\"top\">\n<td rowspan=\"2\" width=\"263\">\n<p align=\"left\"><span style=\"color: #000000\"><span style=\"font-family: Liberation Serif, serif\"><span style=\"font-size: medium\"><b>ACAD\u00caMICOS DA GRADUA\u00c7\u00c3O<\/b><\/span><\/span><\/span><\/p>\n<\/td>\n<td width=\"362\">\n<p align=\"justify\"><span style=\"color: #000000\"><span style=\"font-family: Liberation Serif, serif\"><span style=\"font-size: medium\"><b>RENOVA\u00c7\u00c3O:<\/b> <\/span><\/span><\/span><\/p>\n<p align=\"justify\"><span style=\"color: #000000\"> <span style=\"font-family: Liberation Serif, serif\"><span style=\"font-size: medium\">Os acad\u00eamicos que ir\u00e3o fazer a troca de selos <b>(renova\u00e7\u00e3o)<\/b> podem, desde j\u00e1, solicitar o selo 2020 nos seguintes locais:<\/span><\/span><\/span><\/p>\n<p align=\"justify\"><span style=\"color: #000000\"><span style=\"font-family: Liberation Serif, serif\"><span style=\"font-size: medium\"><u><b>Campus Central &#8211; <\/b><\/u><b> <\/b><b>Guich\u00ea de venda de tickets \u2013 Campus Central<\/b>, localizada abaixo da escada, no p\u00e1tio interno do Campus Central. <\/span><\/span><\/span><\/p>\n<p align=\"justify\"><span style=\"color: #000000\"><span style=\"font-family: Liberation Serif, serif\"><span style=\"font-size: medium\"><b><u>Campus Uvaranas:<\/u> <\/b>no <b>Guich\u00ea localizado no p\u00e1tio interno do Col\u00e9gio Agr\u00edcola<\/b><\/span><\/span><\/span><\/p>\n<\/td>\n<\/tr>\n<tr valign=\"top\">\n<td width=\"362\">\n<p align=\"left\"><span style=\"color: #000000\"><span style=\"font-family: Liberation Serif, serif\"><span style=\"font-size: medium\"><b>Calouros:<\/b> A data de in\u00edcio da coloca\u00e7\u00e3o do selo na identidade estudantil \u00e9 o dia 23\/03\/2020.<\/span><\/span><\/span><\/p>\n<\/td>\n<\/tr>\n<\/tbody>\n<\/table>\n<p><strong>D\u00favidas:<\/strong> ligar no telefone 3220-3771 (PRAE).<\/p>\n<p>&nbsp;<\/p>\n","protected":false},"excerpt":{"rendered":"<p>SELOS 2020 &nbsp; ACAD\u00caMICOS DA P\u00d3S-GRADUA\u00c7\u00c3O: Os Acad\u00eamicos de P\u00f3s-gradua\u00e7\u00e3o j\u00e1 podem solicitar a coloca\u00e7\u00e3o do selo 2020 na identidade estudantil para acesso ao RU na Secretaria do P\u00f3s-Gradua\u00e7\u00e3o, sala 11- bloco da Reitoria. UATI Os acad\u00eamicos da UATI j\u00e1 podem solicitar a coloca\u00e7\u00e3o do selo 2020 na identidade estudantil no Guich\u00ea de venda de&nbsp;&hellip;<\/p>\n","protected":false},"author":128,"featured_media":978,"comment_status":"open","ping_status":"open","sticky":false,"template":"","format":"standard","meta":[],"categories":[5],"tags":[],"_links":{"self":[{"href":"https:\/\/www2.uepg.br\/prae\/wp-json\/wp\/v2\/posts\/974"}],"collection":[{"href":"https:\/\/www2.uepg.br\/prae\/wp-json\/wp\/v2\/posts"}],"about":[{"href":"https:\/\/www2.uepg.br\/prae\/wp-json\/wp\/v2\/types\/post"}],"author":[{"embeddable":true,"href":"https:\/\/www2.uepg.br\/prae\/wp-json\/wp\/v2\/users\/128"}],"replies":[{"embeddable":true,"href":"https:\/\/www2.uepg.br\/prae\/wp-json\/wp\/v2\/comments?post=974"}],"version-history":[{"count":4,"href":"https:\/\/www2.uepg.br\/prae\/wp-json\/wp\/v2\/posts\/974\/revisions"}],"predecessor-version":[{"id":980,"href":"https:\/\/www2.uepg.br\/prae\/wp-json\/wp\/v2\/posts\/974\/revisions\/980"}],"wp:featuredmedia":[{"embeddable":true,"href":"https:\/\/www2.uepg.br\/prae\/wp-json\/wp\/v2\/media\/978"}],"wp:attachment":[{"href":"https:\/\/www2.uepg.br\/prae\/wp-json\/wp\/v2\/media?parent=974"}],"wp:term":[{"taxonomy":"category","embeddable":true,"href":"https:\/\/www2.uepg.br\/prae\/wp-json\/wp\/v2\/categories?post=974"},{"taxonomy":"post_tag","embeddable":true,"href":"https:\/\/www2.uepg.br\/prae\/wp-json\/wp\/v2\/tags?post=974"}],"curies":[{"name":"wp","href":"https:\/\/api.w.org\/{rel}","templated":true}]}}