{"id":994,"date":"2020-03-20T09:36:18","date_gmt":"2020-03-20T12:36:18","guid":{"rendered":"http:\/\/www2.uepg.br\/prae\/?p=994"},"modified":"2020-03-20T09:40:24","modified_gmt":"2020-03-20T12:40:24","slug":"nota-prae-programa-passe-livre-e-meia-passagem","status":"publish","type":"post","link":"https:\/\/www2.uepg.br\/prae\/nota-prae-programa-passe-livre-e-meia-passagem\/","title":{"rendered":"Nota Prae \u2013 Programa Passe Livre e Meia Passagem"},"content":{"rendered":"<p><strong>Suspens\u00e3o da utiliza\u00e7\u00e3o dos cart\u00f5es de passe livre e meia passagem at\u00e9 o retorno das atividades do calend\u00e1rio da UEPG.\u00a0\u00a0<\/strong><br \/>\nA PRAE comunica a toda a comunidade estudantil da UEPG para a n\u00e3o utiliza\u00e7\u00e3o dos cart\u00f5es de passe livre e meia passagem no transporte coletivo de Ponta Grossa, conforme determina\u00e7\u00e3o da Autarquia Municipal de Tr\u00e2nsito e Transporte \u2013 AMTT.<br \/>\nA AMTT alerta que o uso indevido dos cart\u00f5es nesse per\u00edodo poder\u00e1 acarretar bloqueio do benef\u00edcio.<\/p>\n<p><strong>Suspens\u00e3o de atendimentos presenciais na AMTT<\/strong>.<br \/>\nA Autarquia Municipal de Tr\u00e2nsito e Transporte \u2013 AMTT suspendeu a partir de 18\/03\/2020, todos os atendimentos presenciais relacionas \u00e0 solicita\u00e7\u00e3o e renova\u00e7\u00e3o de benef\u00edcios do Passe Livre e Meia Passagem. Segundo a AMTT, a medida tem como objetivo a preven\u00e7\u00e3o ao cont\u00e1gio pelo Coronavirus, evitando filas e aglomera\u00e7\u00f5es no Terminal Central.<br \/>\nOs pedidos relacionados ao PASSE LIVRE E MEIA PASSAGEM ser\u00e3o exclusivamente online e dever\u00e3o ser efetuados atrav\u00e9s da p\u00e1gina da AMTT no site da Prefeitura Municipal de Ponta Grossa. Em caso de d\u00favidas, os cidad\u00e3os tamb\u00e9m podem entrar em contato atrav\u00e9s do telefone 3220-1038.<br \/>\nA PRAE alerta para que toda a comunidade acad\u00eamica fique atenta e siga as orienta\u00e7\u00f5es acima.<\/p>\n<p>Fonte: https:\/\/www2.uepg.br\/prae\/destaques\/<\/p>\n","protected":false},"excerpt":{"rendered":"<p>Suspens\u00e3o da utiliza\u00e7\u00e3o dos cart\u00f5es de passe livre e meia passagem at\u00e9 o retorno das atividades do calend\u00e1rio da UEPG.\u00a0\u00a0 A PRAE comunica a toda a comunidade estudantil da UEPG para a n\u00e3o utiliza\u00e7\u00e3o dos cart\u00f5es de passe livre e meia passagem no transporte coletivo de Ponta Grossa, conforme determina\u00e7\u00e3o da Autarquia Municipal de Tr\u00e2nsito&nbsp;&hellip;<\/p>\n","protected":false},"author":128,"featured_media":0,"comment_status":"open","ping_status":"open","sticky":false,"template":"","format":"standard","meta":[],"categories":[5],"tags":[],"_links":{"self":[{"href":"https:\/\/www2.uepg.br\/prae\/wp-json\/wp\/v2\/posts\/994"}],"collection":[{"href":"https:\/\/www2.uepg.br\/prae\/wp-json\/wp\/v2\/posts"}],"about":[{"href":"https:\/\/www2.uepg.br\/prae\/wp-json\/wp\/v2\/types\/post"}],"author":[{"embeddable":true,"href":"https:\/\/www2.uepg.br\/prae\/wp-json\/wp\/v2\/users\/128"}],"replies":[{"embeddable":true,"href":"https:\/\/www2.uepg.br\/prae\/wp-json\/wp\/v2\/comments?post=994"}],"version-history":[{"count":1,"href":"https:\/\/www2.uepg.br\/prae\/wp-json\/wp\/v2\/posts\/994\/revisions"}],"predecessor-version":[{"id":995,"href":"https:\/\/www2.uepg.br\/prae\/wp-json\/wp\/v2\/posts\/994\/revisions\/995"}],"wp:attachment":[{"href":"https:\/\/www2.uepg.br\/prae\/wp-json\/wp\/v2\/media?parent=994"}],"wp:term":[{"taxonomy":"category","embeddable":true,"href":"https:\/\/www2.uepg.br\/prae\/wp-json\/wp\/v2\/categories?post=994"},{"taxonomy":"post_tag","embeddable":true,"href":"https:\/\/www2.uepg.br\/prae\/wp-json\/wp\/v2\/tags?post=994"}],"curies":[{"name":"wp","href":"https:\/\/api.w.org\/{rel}","templated":true}]}}