{"id":996,"date":"2020-03-20T09:41:07","date_gmt":"2020-03-20T12:41:07","guid":{"rendered":"http:\/\/www2.uepg.br\/prae\/?p=996"},"modified":"2020-03-20T09:49:55","modified_gmt":"2020-03-20T12:49:55","slug":"nota-prae-atendimentos-no-contexto-da-pandemia-do-covid-19","status":"publish","type":"post","link":"https:\/\/www2.uepg.br\/prae\/nota-prae-atendimentos-no-contexto-da-pandemia-do-covid-19\/","title":{"rendered":"Nota Prae \u2013 atendimentos no contexto da Pandemia do Covid-19"},"content":{"rendered":"<p>A Pr\u00f3-reitoria de Assuntos Estudantis \u2013 PRAE\/UEPG informa a todos e todas que est\u00e1 trabalhando para atender a diversas situa\u00e7\u00f5es emergenciais de estudantes da UEPG, relacionadas \u00e0 pandemia do Coronavirus (COVID-19).<\/p>\n<p>Nesta semana, de 16\/03\/2020 a 20\/03\/2020, mant\u00e9m plant\u00e3o das 8h00 \u00e0s 12h00 e das 13h30 \u00e0s 17h30 com portas abertas para atendimento das situa\u00e7\u00f5es emergenciais constadas. Foi realizado levantamento dos estudantes em situa\u00e7\u00e3o de vulnerabilidade social, que s\u00e3o domiciliados em Ponta Grossa e que t\u00eam suas fam\u00edlias residindo em outros munic\u00edpios que sejam distantes de nossa cidade. A equipe da PRAE\/DAAD fez contato telef\u00f4nico com estes estudantes a fim de averiguar suas situa\u00e7\u00f5es individuais, realizando levantamento e an\u00e1lise t\u00e9cnica de demandas a serem sanadas emergencialmente, caso necess\u00e1rio. O trabalho foi ainda extensivo aos estudantes da Moradia Estudantil e Estudantes Ind\u00edgenas, considerando os aspectos previstos na pol\u00edtica de assist\u00eancia estudantil da universidade e as especifidades das pol\u00edticas afirmativas vigentes na UEPG.<\/p>\n<p>Aos respectivos estudantes, conforme demanda emergencial constatada, a Pr\u00f3reitoria de Assuntos Estudantis, em parceria com a PROAD, previu e est\u00e1 fornecendo refei\u00e7\u00f5es no Restaurante Universit\u00e1rio da UEPG at\u00e9 a data de hoje, ocasi\u00e3o em que o RU ser\u00e1 fechado. Ainda, foi previsto e executado pagamento de aux\u00edlio-alimenta\u00e7\u00e3o\/transporte emergenciais, no valor de R$125,00, para cada um dos estudantes diagnosticados nesta situa\u00e7\u00e3o.<\/p>\n<p>Al\u00e9m disto, a universidade forneceu transporte pr\u00f3prio para deslocamento de estudante ind\u00edgena de outro estado (Santa Catarina), considerando o cancelamento dos transportes rodovi\u00e1rios interestaduais.<\/p>\n<p>Para todo o per\u00edodo de cancelamento do calend\u00e1rio da UEPG, aos estudantes da Moradia Estudantil, ser\u00e1 fornecida refei\u00e7\u00e3o (almo\u00e7o e jantar) para garantir a seguran\u00e7a alimentar dos mesmos.<\/p>\n<p>A partir da data de 23\/03\/2020, a PRAE ir\u00e1 realizar atendimento remoto estando \u00e0 disposi\u00e7\u00e3o para os atendimentos e encaminhamentos que se fizerem necess\u00e1rios, via Processo SEI e pelo e-mail da PRAE: prrae@uepg.br. A Pr\u00f3-reitoria manter\u00e1 o acompanhamento das situa\u00e7\u00f5es j\u00e1 constatadas e em atendimento realizando as an\u00e1lises e provid\u00eancias conforme as demandas apresentadas.<\/p>\n<p>A PRAE conta com equipe t\u00e9cnica qualificada para os atendimentos e destaca que o atendimento prestado \u00e0 comunidade estudantil segue as previs\u00f5es da Pol\u00edtica de Assist\u00eancia Estudantil da UEPG e ainda das Pol\u00edticas Afirmativas vigentes na mesma.<\/p>\n<p>Fonte: https:\/\/www.uepg.br\/nota-prae-atendimentos-no-contexto-da-pandemia-do-covid-19\/<\/p>\n","protected":false},"excerpt":{"rendered":"<p>A Pr\u00f3-reitoria de Assuntos Estudantis \u2013 PRAE\/UEPG informa a todos e todas que est\u00e1 trabalhando para atender a diversas situa\u00e7\u00f5es emergenciais de estudantes da UEPG, relacionadas \u00e0 pandemia do Coronavirus (COVID-19). Nesta semana, de 16\/03\/2020 a 20\/03\/2020, mant\u00e9m plant\u00e3o das 8h00 \u00e0s 12h00 e das 13h30 \u00e0s 17h30 com portas abertas para atendimento das situa\u00e7\u00f5es&nbsp;&hellip;<\/p>\n","protected":false},"author":128,"featured_media":0,"comment_status":"open","ping_status":"open","sticky":false,"template":"","format":"standard","meta":[],"categories":[5],"tags":[],"_links":{"self":[{"href":"https:\/\/www2.uepg.br\/prae\/wp-json\/wp\/v2\/posts\/996"}],"collection":[{"href":"https:\/\/www2.uepg.br\/prae\/wp-json\/wp\/v2\/posts"}],"about":[{"href":"https:\/\/www2.uepg.br\/prae\/wp-json\/wp\/v2\/types\/post"}],"author":[{"embeddable":true,"href":"https:\/\/www2.uepg.br\/prae\/wp-json\/wp\/v2\/users\/128"}],"replies":[{"embeddable":true,"href":"https:\/\/www2.uepg.br\/prae\/wp-json\/wp\/v2\/comments?post=996"}],"version-history":[{"count":2,"href":"https:\/\/www2.uepg.br\/prae\/wp-json\/wp\/v2\/posts\/996\/revisions"}],"predecessor-version":[{"id":998,"href":"https:\/\/www2.uepg.br\/prae\/wp-json\/wp\/v2\/posts\/996\/revisions\/998"}],"wp:attachment":[{"href":"https:\/\/www2.uepg.br\/prae\/wp-json\/wp\/v2\/media?parent=996"}],"wp:term":[{"taxonomy":"category","embeddable":true,"href":"https:\/\/www2.uepg.br\/prae\/wp-json\/wp\/v2\/categories?post=996"},{"taxonomy":"post_tag","embeddable":true,"href":"https:\/\/www2.uepg.br\/prae\/wp-json\/wp\/v2\/tags?post=996"}],"curies":[{"name":"wp","href":"https:\/\/api.w.org\/{rel}","templated":true}]}}