{"id":450,"date":"2019-11-04T14:40:07","date_gmt":"2019-11-04T17:40:07","guid":{"rendered":"http:\/\/www2.uepg.br\/proad\/?p=450"},"modified":"2021-03-09T13:23:34","modified_gmt":"2021-03-09T16:23:34","slug":"alep-homenageia-a-uepg-pelos-50-anos-de-fundacao","status":"publish","type":"post","link":"https:\/\/www2.uepg.br\/proad\/alep-homenageia-a-uepg-pelos-50-anos-de-fundacao\/","title":{"rendered":"Alep homenageia a UEPG pelos 50 Anos de funda\u00e7\u00e3o"},"content":{"rendered":"<p>A Assembleia Legislativa do Paran\u00e1 realiza nesta quarta-feira (6), \u00e0s 18h, sess\u00e3o solene em comemora\u00e7\u00e3o aos 50 anos da Universidade Estadual de Ponta Grossa. O evento relembra a data de cria\u00e7\u00e3o das universidades estaduais pelo Governo do Estado do Paran\u00e1 atrav\u00e9s da Lei 6.034, de 6 de novembro de 1969.<\/p>\n<p>A homenagem \u00e9 uma iniciativa do deputado estadual Hussein Bakri. O parlamentar afirma que, ao lado do Parque Estadual de Vila Velha, a UEPG hoje \u00e9 a cara de Ponta Grossa para o Paran\u00e1 e para todo o Brasil. \u201cS\u00e3o 50 anos de uma hist\u00f3ria bel\u00edssima, formando profissionais competentes, prestando servi\u00e7os \u00e0 comunidade e promovendo inova\u00e7\u00e3o em nosso Estado\u201d, diz Bakri.<\/p>\n<p>Para o Superintendente Geral de Ci\u00eancia, Tecnologia e Ensino Superior, Aldo Bona, esta justa e merecida homenagem \u00e9 muito representativa para o Paran\u00e1 em todas as \u00e1reas. \u201cA exist\u00eancia hist\u00f3rica da UEPG nos Campos Gerais, assim como as Universidades Estaduais de Maring\u00e1 e de Londrina, foi fundamental para que o estado atingisse o patamar de desenvolvimento que tem hoje\u201d. Ele complementa que \u201cesta homenagem justa e merecida homenagem \u00e9 apenas um s\u00edmbolo, um momento de reconhecimento p\u00fablico do Poder Legislativo Estadual do que o nosso estado deve \u00e0 exist\u00eancia das nossas institui\u00e7\u00f5es estaduais de ensino superior\u201d.<\/p>\n<p>Miguel Sanches Neto, atual reitor da UEPG, que assumiu h\u00e1 um ano a institui\u00e7\u00e3o, afirma que o fato de a Universidade completar 50 anos durante o seu mandato foi um presente. \u201cTemos a oportunidade de, em conjunto com todos os departamentos, professores, alunos e servidores, avaliar amorosamente esta trajet\u00f3ria de sucesso de uma universidade p\u00fablica de qualidade e bem colocada em rankings nacionais e internacionais\u201d.<\/p>\n<p>Sanches enaltece as personalidades envolvidas na cria\u00e7\u00e3o da institui\u00e7\u00e3o. \u201cA UEPG surgiu do sonho de uma comunidade e foi ampliado por todos aqueles que chegaram depois e deram materialidade a ele. Hoje, a UEPG \u00e9 o principal motor de desenvolvimento da Regi\u00e3o dos Campos Gerais e os seus 50 anos se confundem com a hist\u00f3ria do Paran\u00e1 moderno\u201d, enfatiza. \u201cQueria aqui prestar uma homenagem especial a cada um dos professores e a cada uma das professoras, servidores e servidoras, alunos e alunas que pertencem ou pertenceram \u00e0 UEPG, pois s\u00e3o eles e elas o nosso grande patrim\u00f4nio, e n\u00e3o os nossos pr\u00e9dios, os nossos equipamentos e as nossas propriedades\u201d, complementa.<\/p>\n<p><strong>Primeiros passos<\/strong><\/p>\n<p><img loading=\"lazy\" class=\"wp-image-4881 alignright lazyloaded\" src=\"https:\/\/www.uepg.br\/wp-content\/uploads\/2019\/11\/odeni.jpg\" alt=\"\" width=\"614\" height=\"415\" data-srcset=\"https:\/\/www.uepg.br\/wp-content\/uploads\/2019\/11\/odeni.jpg 500w, https:\/\/www.uepg.br\/wp-content\/uploads\/2019\/11\/odeni-300x203.jpg 300w\" data-src=\"https:\/\/www.uepg.br\/wp-content\/uploads\/2019\/11\/odeni.jpg\" \/>A UEPG foi regulamentada como funda\u00e7\u00e3o p\u00fablica pelo ent\u00e3o governador Paulo Pimentel atrav\u00e9s do Decreto Estadual n\u00ba 18.111, de 28 de janeiro de 1970. Entre as datas c\u00e9lebres da hist\u00f3ria da UEPG, o professor Odeni Villaca Mongruel, primeiro vice-reitor e segundo reitor da UEPG, lembra emocionado da noite de 7 de novembro de 1973. \u201cEst\u00e1vamos no Fenata, no Audit\u00f3rio da Reitoria, quando o reitor \u00c1lvaro Augusto da Cunha Rocha noticiou o reconhecimento da institui\u00e7\u00e3o como Universidade, pelo Conselho Federal de Educa\u00e7\u00e3o. Ele disse: a Universidade Estadual de Ponta Grossa nasce sob o signo do Teatro. Foi emocionante\u201d, recorda Mongruel.<\/p>\n<p>A Universidade Estadual de Ponta Grossa resultou da incorpora\u00e7\u00e3o das Faculdades Estaduais de Filosofia, Ci\u00eancias e Letras; Farm\u00e1cia e Odontologia; Direito; Ci\u00eancias Econ\u00f4micas e Administra\u00e7\u00e3o de Ponta Grossa. A exist\u00eancia das faculdades \u00e9 apontada por Mongruel como um ponto positivo, mas tamb\u00e9m um desafio. \u201cJ\u00e1 t\u00ednhamos um ensino superior robusto para a \u00e9poca. Fomos respons\u00e1veis pela reorganiza\u00e7\u00e3o de uma estrutura preexistente. O desafio foi desfazer e depois refazer as Faculdades, fundindo-as numa Funda\u00e7\u00e3o. Nesse processo contamos muito com os diretores\u201d, diz.<\/p>\n<p>O professor Mongruel participou ativamente do surgimento da UEPG e avalia os primeiros oito anos como decisivos. \u201cOs anos de 1970 a 1974 foram de afirma\u00e7\u00e3o, a Universidade se tornava realidade. Os quatro anos seguintes foram de consolida\u00e7\u00e3o. A institui\u00e7\u00e3o existia mas, entre outras coisas, precisava de um conjunto de leis que a regulassem. Com orgulho, participei deste per\u00edodo\u201d, enfatiza.<\/p>\n<p><strong>Crescimento Regional<\/strong><\/p>\n<p>Sobre a homenagem que acontece na quarta-feira, em Curitiba, o professor Odeni acredita que merecem destaque o ex-governador Paulo Pimentel, \u00c1lvaro Augusto da Cunha Rocha, primeiro reitor, um intelectual brilhante (nas palavras de Mongruel) e Candido Manuel Martins de Oliveira, Secret\u00e1rio de Educa\u00e7\u00e3o do Paran\u00e1 \u00e0 \u00e9poca. \u201cEssas figuras importantes criaram as universidades que interiorizaram o ensino superior no Paran\u00e1 e foram respons\u00e1veis pelo desenvolvimento das cidades que as receberam. A UEPG teve, e ainda tem, papel importante no desenvolvimento de Ponta Grossa. Certamente, sem a universidade a cidade n\u00e3o seria t\u00e3o promissora, n\u00e3o chegar\u00edamos onde estamos\u201d, avalia.<\/p>\n<p>No mesmo sentido, o vice-reitor, Everson Krum, enfatiza que ao completar 50 anos de funda\u00e7\u00e3o, a UEPG orgulha se por ter contribu\u00eddo para o desenvolvimento da cidade de Ponta Grossa e da regi\u00e3o dos Campos Gerais. \u201cS\u00e3o anos de transfer\u00eancia de conhecimentos, de presta\u00e7\u00e3o de atendimentos e projetos para a comunidade, pesquisando e transformando nosso ambiente. Temos orgulho do passado, do presente e sabemos que estamos construindo um futuro de conquistas e sucesso\u201d, diz o vice-reitor.<\/p>\n<p>\u201cA Universidade \u00e9 uma das principais respons\u00e1veis pelo desenvolvimento regional dos Campos Gerais e n\u00e3o apenas nesta data especial, mas todos os dias, merece os nossos aplausos e o nosso reconhecimento\u201d, enfatiza Hussein Bakri.<\/p>\n","protected":false},"excerpt":{"rendered":"<p>A Assembleia Legislativa do Paran\u00e1 realiza nesta quarta-feira (6), \u00e0s 18h, sess\u00e3o solene em comemora\u00e7\u00e3o aos 50 anos da Universidade Estadual de Ponta Grossa. O evento relembra a data de cria\u00e7\u00e3o das universidades estaduais pelo Governo do Estado do Paran\u00e1 atrav\u00e9s da Lei 6.034, de 6 de novembro de 1969. A homenagem \u00e9 uma iniciativa&nbsp;&hellip;<\/p>\n","protected":false},"author":24,"featured_media":0,"comment_status":"closed","ping_status":"open","sticky":false,"template":"","format":"standard","meta":[],"categories":[2],"tags":[],"_links":{"self":[{"href":"https:\/\/www2.uepg.br\/proad\/wp-json\/wp\/v2\/posts\/450"}],"collection":[{"href":"https:\/\/www2.uepg.br\/proad\/wp-json\/wp\/v2\/posts"}],"about":[{"href":"https:\/\/www2.uepg.br\/proad\/wp-json\/wp\/v2\/types\/post"}],"author":[{"embeddable":true,"href":"https:\/\/www2.uepg.br\/proad\/wp-json\/wp\/v2\/users\/24"}],"replies":[{"embeddable":true,"href":"https:\/\/www2.uepg.br\/proad\/wp-json\/wp\/v2\/comments?post=450"}],"version-history":[{"count":1,"href":"https:\/\/www2.uepg.br\/proad\/wp-json\/wp\/v2\/posts\/450\/revisions"}],"predecessor-version":[{"id":451,"href":"https:\/\/www2.uepg.br\/proad\/wp-json\/wp\/v2\/posts\/450\/revisions\/451"}],"wp:attachment":[{"href":"https:\/\/www2.uepg.br\/proad\/wp-json\/wp\/v2\/media?parent=450"}],"wp:term":[{"taxonomy":"category","embeddable":true,"href":"https:\/\/www2.uepg.br\/proad\/wp-json\/wp\/v2\/categories?post=450"},{"taxonomy":"post_tag","embeddable":true,"href":"https:\/\/www2.uepg.br\/proad\/wp-json\/wp\/v2\/tags?post=450"}],"curies":[{"name":"wp","href":"https:\/\/api.w.org\/{rel}","templated":true}]}}