{"id":456,"date":"2019-11-10T14:47:46","date_gmt":"2019-11-10T17:47:46","guid":{"rendered":"http:\/\/www2.uepg.br\/proad\/?p=456"},"modified":"2021-03-09T13:23:33","modified_gmt":"2021-03-09T16:23:33","slug":"cronica-50-anos-de-universidade-em-ponta-grossa","status":"publish","type":"post","link":"https:\/\/www2.uepg.br\/proad\/cronica-50-anos-de-universidade-em-ponta-grossa\/","title":{"rendered":"Cr\u00f4nica: 50 Anos de Universidade em Ponta Grossa"},"content":{"rendered":"<p><em>\u201cFoi num domingo \u00e0 tarde, no final de 1969. Meus pais decidiram levar os tr\u00eas filhos para um passeio, caminhando pelas ruas de Ponta Grossa. De \u00f4nibus, viemos da distante Vila Pinheiro at\u00e9 o Ponto Azul. Dali, tomamos a Rua Bonif\u00e1cio Vilela e fomos conhecer o pr\u00e9dio da rec\u00e9m-criada Universidade Estadual de Ponta Grossa. Talvez, instintivamente, quisessem despertar nos filhos \u2013 eu, o mais velho, com meus seis anos, ainda o \u00fanico a frequentar uma escola \u2013 o interesse por um dia estudar naquele lugar. Na escola, a professora, com o mesmo objetivo, nos contou que estudava \u201cna faculdade\u201d e nos dizia que precis\u00e1vamos estudar para tamb\u00e9m \u201cchegar l\u00e1\u201d.<\/em><\/p>\n<p><em>A UEPG nasceu no dia 6 de novembro de 1969 pela Lei 6.034, assinada pelo governador Paulo Pimentel. Ponta Grossa j\u00e1 contava com faculdades estaduais desde o final da d\u00e9cada de 1940. Cursos como Farm\u00e1cia, Odontologia, Direito, Letras e Filosofia, entre outros, j\u00e1 estavam come\u00e7ando a formar a segunda gera\u00e7\u00e3o de acad\u00eamicos quando a UEPG nasceu. Na verdade, a UEPG surge da fus\u00e3o dessas faculdades, o que dava a elas mais autonomia para a cria\u00e7\u00e3o de novos cursos e novas perspectivas.<\/em><\/p>\n<p><em>A caminhada daquela tarde de domingo me deixou maravilhado. O pr\u00e9dio que vi era imponente, alto, de cor clara, com colunas e um belo jardim. Para a crian\u00e7a que eu era, representava algo muito diferente da escola que frequentava no Bairro de Oficinas. Imaginei minha professora numa sala de aula, n\u00e3o como professora, mas como aluna. E n\u00e3o consegui ver. N\u00e3o imaginava, ainda, como seria estudar numa \u201cfaculdade\u201d.<\/em><\/p>\n<p><em>Quarta-feira, 6 de novembro de 2019. Sentado na sala de Orienta\u00e7\u00e3o de Projetos do Departamento de Jornalismo, tento descrever como \u00e9 viver uma universidade que completa meio s\u00e9culo de exist\u00eancia. E o pensamento viaja at\u00e9 aquele domingo de 50 anos atr\u00e1s. Olhando para o pr\u00e9dio do Campus Central, o mesmo que um dia me maravilhou, para os colegas no p\u00e1tio e para as fotos de formandos ao longo dos corredores, tento ver todos que j\u00e1 passaram pelos bancos das salas de aula. Quantos profissionais foram formados, quantas vidas foram transformadas pelos mestres e quantos cidad\u00e3os a UEPG entregou para o Brasil!<\/em><\/p>\n<p><em>Aquela Universidade que come\u00e7ou com poucos cursos, em poucos anos se tornou grande demais para o pr\u00e9dio da Pra\u00e7a Santos Andrade. Precisava de espa\u00e7o. Na d\u00e9cada de 1980, parte da \u00e1rea do ent\u00e3o Parque de Exposi\u00e7\u00f5es Augusto Ribas, no Bairro de Uvaranas, come\u00e7ou a ganhar pr\u00e9dios, salas e laborat\u00f3rios. O Campus Uvaranas permitiu novos cursos, novos estudos e pesquisas. A jovem UEPG despontava como uma das principais universidades brasileiras. Hoje s\u00e3o 49 cursos de gradua\u00e7\u00e3o. H\u00e1 ainda os cursos de p\u00f3s-gradua\u00e7\u00e3o \u2013 mestrado, doutorado e de especializa\u00e7\u00e3o em diversas \u00e1reas \u2013 e os projetos de pesquisa e extens\u00e3o que incentivam alunos a uma forma\u00e7\u00e3o al\u00e9m dos bancos acad\u00eamicos.<\/em><em><img loading=\"lazy\" class=\"wp-image-5164 aligncenter lazyloaded\" src=\"https:\/\/www.uepg.br\/wp-content\/uploads\/2019\/11\/46sec-300x201.jpg\" alt=\"\" width=\"484\" height=\"324\" data-srcset=\"https:\/\/www.uepg.br\/wp-content\/uploads\/2019\/11\/46sec-300x201.jpg 300w, https:\/\/www.uepg.br\/wp-content\/uploads\/2019\/11\/46sec-768x514.jpg 768w, https:\/\/www.uepg.br\/wp-content\/uploads\/2019\/11\/46sec-1024x685.jpg 1024w, https:\/\/www.uepg.br\/wp-content\/uploads\/2019\/11\/46sec-1232x825.jpg 1232w, https:\/\/www.uepg.br\/wp-content\/uploads\/2019\/11\/46sec-1613x1080.jpg 1613w, https:\/\/www.uepg.br\/wp-content\/uploads\/2019\/11\/46sec-272x182.jpg 272w, https:\/\/www.uepg.br\/wp-content\/uploads\/2019\/11\/46sec.jpg 1920w\" data-src=\"https:\/\/www.uepg.br\/wp-content\/uploads\/2019\/11\/46sec-300x201.jpg\" \/><\/em><\/p>\n<p><em>Nesses cinquenta anos, a caminhada n\u00e3o foi f\u00e1cil. Problemas existiram em diversos n\u00edveis. As dificuldades do presente envolvem barreiras para a contrata\u00e7\u00e3o de professores ou a simples manuten\u00e7\u00e3o do atual quadro; falta de recursos financeiros para a manuten\u00e7\u00e3o de necessidades b\u00e1sicas da Universidade; a amea\u00e7a da Lei Geral das Universidades, que engessa o funcionamento e retira a autonomia. Quem enfrentou cinquenta anos de lutas e vit\u00f3rias, precisa encarar os desafios do presente e do futuro para seguir a jornada.<\/em><\/p>\n<p><em>Em poucos dias, milhares de alunos concorrer\u00e3o a uma vaga na UEPG. Em poucos dias, centenas de alunos come\u00e7am suas festas de formatura. O processo de vida da universidade continua. Alguns alunos chegam, outros se v\u00e3o. J\u00e1 os professores permanecem para ensinar os novos acad\u00eamicos, para dar a eles forma\u00e7\u00e3o e torn\u00e1-los aptos \u00e0 profiss\u00e3o que escolheram.<\/em><\/p>\n<p><em>Cinquenta anos! Meio s\u00e9culo! Quem diria que aquele menino, que ficou admirado com o pr\u00e9dio da rec\u00e9m-nascida universidade, hoje estaria aqui, como aluno, para dizer orgulhoso: parab\u00e9ns, minha, nossa UEPG.\u201d<\/em><\/p>\n<blockquote><p><em>Eder Carlos Wehrholdt, 56 anos, aposentado, bacharel em Teologia e Gest\u00e3o P\u00fablica, \u00e9 aluno do Curso de Jornalismo da UEPG.<\/em><\/p><\/blockquote>\n","protected":false},"excerpt":{"rendered":"<p>\u201cFoi num domingo \u00e0 tarde, no final de 1969. Meus pais decidiram levar os tr\u00eas filhos para um passeio, caminhando pelas ruas de Ponta Grossa. De \u00f4nibus, viemos da distante Vila Pinheiro at\u00e9 o Ponto Azul. Dali, tomamos a Rua Bonif\u00e1cio Vilela e fomos conhecer o pr\u00e9dio da rec\u00e9m-criada Universidade Estadual de Ponta Grossa. Talvez,&nbsp;&hellip;<\/p>\n","protected":false},"author":24,"featured_media":0,"comment_status":"closed","ping_status":"open","sticky":false,"template":"","format":"standard","meta":[],"categories":[2],"tags":[],"_links":{"self":[{"href":"https:\/\/www2.uepg.br\/proad\/wp-json\/wp\/v2\/posts\/456"}],"collection":[{"href":"https:\/\/www2.uepg.br\/proad\/wp-json\/wp\/v2\/posts"}],"about":[{"href":"https:\/\/www2.uepg.br\/proad\/wp-json\/wp\/v2\/types\/post"}],"author":[{"embeddable":true,"href":"https:\/\/www2.uepg.br\/proad\/wp-json\/wp\/v2\/users\/24"}],"replies":[{"embeddable":true,"href":"https:\/\/www2.uepg.br\/proad\/wp-json\/wp\/v2\/comments?post=456"}],"version-history":[{"count":1,"href":"https:\/\/www2.uepg.br\/proad\/wp-json\/wp\/v2\/posts\/456\/revisions"}],"predecessor-version":[{"id":457,"href":"https:\/\/www2.uepg.br\/proad\/wp-json\/wp\/v2\/posts\/456\/revisions\/457"}],"wp:attachment":[{"href":"https:\/\/www2.uepg.br\/proad\/wp-json\/wp\/v2\/media?parent=456"}],"wp:term":[{"taxonomy":"category","embeddable":true,"href":"https:\/\/www2.uepg.br\/proad\/wp-json\/wp\/v2\/categories?post=456"},{"taxonomy":"post_tag","embeddable":true,"href":"https:\/\/www2.uepg.br\/proad\/wp-json\/wp\/v2\/tags?post=456"}],"curies":[{"name":"wp","href":"https:\/\/api.w.org\/{rel}","templated":true}]}}