{"id":10184,"date":"2025-05-12T16:00:02","date_gmt":"2025-05-12T19:00:02","guid":{"rendered":"https:\/\/www2.uepg.br\/proex\/?p=10184"},"modified":"2025-05-22T16:04:31","modified_gmt":"2025-05-22T19:04:31","slug":"proex-uepg-prorroga-o-prazo-para-inscricao-de-trabalhos-no-43o-seurs","status":"publish","type":"post","link":"https:\/\/www2.uepg.br\/proex\/proex-uepg-prorroga-o-prazo-para-inscricao-de-trabalhos-no-43o-seurs\/","title":{"rendered":"Proex-UEPG prorroga o prazo para inscri\u00e7\u00e3o de trabalhos no 43\u00ba Seurs"},"content":{"rendered":"<p>A Pr\u00f3-reitoria de Extens\u00e3o e Assuntos Culturais (Proex) da Universidade Estadual de Ponta Grossa (UEPG) prorrogou o prazo para submiss\u00e3o de trabalhos de docentes extensionistas no 43\u00b0 Semin\u00e1rio de Extens\u00e3o Universit\u00e1ria da Regi\u00e3o Sul (Seurs). Interessados t\u00eam at\u00e9 15 de maio para realizar a inscri\u00e7\u00e3o.<\/p>\n<p><a role=\"link\" href=\"https:\/\/www.uepg.br\/wp-content\/uploads\/2025\/05\/7K4A9748-scaled.jpg\"><img loading=\"lazy\" class=\"alignleft wp-image-87964 lazyloaded\" src=\"https:\/\/www.uepg.br\/wp-content\/uploads\/2025\/05\/7K4A9748-scaled.jpg\" alt=\"\" width=\"366\" height=\"252\" data-src=\"https:\/\/www.uepg.br\/wp-content\/uploads\/2025\/05\/7K4A9748-scaled.jpg\" \/><\/a>O edital seleciona 20 propostas para o evento, que ocorre entre 22 e 25 de julho na Universidade do Estado de Santa Catarina (Udesc), em Lages. O tema central desta edi\u00e7\u00e3o \u00e9 \u201cExtens\u00e3o e justi\u00e7a socioambiental na transforma\u00e7\u00e3o dos territ\u00f3rios\u201d. O semin\u00e1rio prop\u00f5e a reflex\u00e3o sobre pr\u00e1ticas extensionistas relacionadas \u00e0 sindemia global identificada pelo relat\u00f3rio The Lancet (2019), que conecta desnutri\u00e7\u00e3o, obesidade e mudan\u00e7as clim\u00e1ticas, sob a \u00f3tica da justi\u00e7a socioambiental, seguran\u00e7a alimentar e sustentabilidade.<\/p>\n<p>As propostas selecionadas s\u00e3o distribu\u00eddas em tr\u00eas modalidades de apresenta\u00e7\u00e3o, com 14 vagas para tert\u00falias, uma vaga para oficinas e at\u00e9 cinco vagas para apresenta\u00e7\u00e3o em formato de p\u00f4ster impresso.<\/p>\n<p>Para participar do processo seletivo da UEPG, os projetos de extens\u00e3o devem estar devidamente institucionalizados e regulares junto \u00e0 Diretoria de Extens\u00e3o Universit\u00e1ria. O coordenador do projeto precisa preencher um\u00a0<a role=\"link\" href=\"https:\/\/forms.gle\/XaVWUUsS7uHZxsU16\">formul\u00e1rio eletr\u00f4nico<\/a>\u00a0espec\u00edfico e anexar um resumo do trabalho, com 4 a 5 p\u00e1ginas, em formato PDF, seguindo o modelo disponibilizado no\u00a0<a role=\"link\" href=\"https:\/\/www2.uepg.br\/proex\/wp-content\/uploads\/sites\/8\/2025\/04\/Edital-SEURS-2025.pdf\">edital<\/a>.<\/p>\n<pre>Texto e fotos: Helton Costa*\r\nTexto produzido com aux\u00edlio de intelig\u00eancia artificial.<\/pre>\n","protected":false},"excerpt":{"rendered":"<p>A Pr\u00f3-reitoria de Extens\u00e3o e Assuntos Culturais (Proex) da Universidade Estadual de Ponta Grossa (UEPG) prorrogou o prazo para submiss\u00e3o de trabalhos de docentes extensionistas no 43\u00b0 Semin\u00e1rio de Extens\u00e3o Universit\u00e1ria da Regi\u00e3o Sul (Seurs). Interessados t\u00eam at\u00e9 15 de maio para realizar a inscri\u00e7\u00e3o. O edital seleciona 20 propostas para o evento, que ocorre&nbsp;&hellip;<\/p>\n","protected":false},"author":844,"featured_media":10185,"comment_status":"closed","ping_status":"closed","sticky":false,"template":"","format":"standard","meta":[],"categories":[8],"tags":[22,76,77,78,79,80,26,81,50],"_links":{"self":[{"href":"https:\/\/www2.uepg.br\/proex\/wp-json\/wp\/v2\/posts\/10184"}],"collection":[{"href":"https:\/\/www2.uepg.br\/proex\/wp-json\/wp\/v2\/posts"}],"about":[{"href":"https:\/\/www2.uepg.br\/proex\/wp-json\/wp\/v2\/types\/post"}],"author":[{"embeddable":true,"href":"https:\/\/www2.uepg.br\/proex\/wp-json\/wp\/v2\/users\/844"}],"replies":[{"embeddable":true,"href":"https:\/\/www2.uepg.br\/proex\/wp-json\/wp\/v2\/comments?post=10184"}],"version-history":[{"count":1,"href":"https:\/\/www2.uepg.br\/proex\/wp-json\/wp\/v2\/posts\/10184\/revisions"}],"predecessor-version":[{"id":10186,"href":"https:\/\/www2.uepg.br\/proex\/wp-json\/wp\/v2\/posts\/10184\/revisions\/10186"}],"wp:featuredmedia":[{"embeddable":true,"href":"https:\/\/www2.uepg.br\/proex\/wp-json\/wp\/v2\/media\/10185"}],"wp:attachment":[{"href":"https:\/\/www2.uepg.br\/proex\/wp-json\/wp\/v2\/media?parent=10184"}],"wp:term":[{"taxonomy":"category","embeddable":true,"href":"https:\/\/www2.uepg.br\/proex\/wp-json\/wp\/v2\/categories?post=10184"},{"taxonomy":"post_tag","embeddable":true,"href":"https:\/\/www2.uepg.br\/proex\/wp-json\/wp\/v2\/tags?post=10184"}],"curies":[{"name":"wp","href":"https:\/\/api.w.org\/{rel}","templated":true}]}}