{"id":10321,"date":"2024-03-08T14:52:03","date_gmt":"2024-03-08T17:52:03","guid":{"rendered":"https:\/\/www2.uepg.br\/proex\/?p=10321"},"modified":"2025-05-26T14:54:41","modified_gmt":"2025-05-26T17:54:41","slug":"horario-piano-2","status":"publish","type":"post","link":"https:\/\/www2.uepg.br\/proex\/horario-piano-2\/","title":{"rendered":"Proex divulga mudan\u00e7a de hor\u00e1rio nas aulas de piano"},"content":{"rendered":"<p>A Pr\u00f3-reitoria de Extens\u00e3o e Assuntos Culturais da Universidade Estadual de Ponta Grossa, por meio da sua Diretoria de Assuntos Culturais (DAC),\u00a0<a role=\"link\" href=\"https:\/\/www2.uepg.br\/proex\/wp-content\/uploads\/sites\/8\/2024\/03\/NOVO-EDITAL-PIANO-08-03-2024-publicacao.pdf\">divulga altera\u00e7\u00f5es<\/a> nos hor\u00e1rios do curso de piano. A aula que aconteceria nas segundas-feiras a partir das 08h passa a acontecer no mesmo dia a partir das 9h. J\u00e1 as aulas que seriam realizadas \u00e0s 13h30 e 16h30, nas ter\u00e7as-feiras, acontecem \u00e0s 14h30 e 15h30, respectivamente. As aulas para o curso de piano iniciam a partir de 01 de abril. Para os outros cursos ofertados para a comunidade pela Proex, as aulas j\u00e1 iniciaram. As inscri\u00e7\u00f5es seguem abertas mediante disponibilidade de vagas. Mais informa\u00e7\u00f5es est\u00e3o dispon\u00edveis pelo WhatsApp\u00a0<a role=\"link\" href=\"tel:(42) 3220-3494\">(42) 3220-3494<\/a>\u00a0ou pessoalmente, na secretaria da Proex.<\/p>\n","protected":false},"excerpt":{"rendered":"<p>A Pr\u00f3-reitoria de Extens\u00e3o e Assuntos Culturais da Universidade Estadual de Ponta Grossa, por meio da sua Diretoria de Assuntos Culturais (DAC),\u00a0divulga altera\u00e7\u00f5es nos hor\u00e1rios do curso de piano. A aula que aconteceria nas segundas-feiras a partir das 08h passa a acontecer no mesmo dia a partir das 9h. J\u00e1 as aulas que seriam realizadas&nbsp;&hellip;<\/p>\n","protected":false},"author":844,"featured_media":10322,"comment_status":"closed","ping_status":"closed","sticky":false,"template":"","format":"standard","meta":[],"categories":[8],"tags":[],"_links":{"self":[{"href":"https:\/\/www2.uepg.br\/proex\/wp-json\/wp\/v2\/posts\/10321"}],"collection":[{"href":"https:\/\/www2.uepg.br\/proex\/wp-json\/wp\/v2\/posts"}],"about":[{"href":"https:\/\/www2.uepg.br\/proex\/wp-json\/wp\/v2\/types\/post"}],"author":[{"embeddable":true,"href":"https:\/\/www2.uepg.br\/proex\/wp-json\/wp\/v2\/users\/844"}],"replies":[{"embeddable":true,"href":"https:\/\/www2.uepg.br\/proex\/wp-json\/wp\/v2\/comments?post=10321"}],"version-history":[{"count":1,"href":"https:\/\/www2.uepg.br\/proex\/wp-json\/wp\/v2\/posts\/10321\/revisions"}],"predecessor-version":[{"id":10323,"href":"https:\/\/www2.uepg.br\/proex\/wp-json\/wp\/v2\/posts\/10321\/revisions\/10323"}],"wp:featuredmedia":[{"embeddable":true,"href":"https:\/\/www2.uepg.br\/proex\/wp-json\/wp\/v2\/media\/10322"}],"wp:attachment":[{"href":"https:\/\/www2.uepg.br\/proex\/wp-json\/wp\/v2\/media?parent=10321"}],"wp:term":[{"taxonomy":"category","embeddable":true,"href":"https:\/\/www2.uepg.br\/proex\/wp-json\/wp\/v2\/categories?post=10321"},{"taxonomy":"post_tag","embeddable":true,"href":"https:\/\/www2.uepg.br\/proex\/wp-json\/wp\/v2\/tags?post=10321"}],"curies":[{"name":"wp","href":"https:\/\/api.w.org\/{rel}","templated":true}]}}