{"id":10394,"date":"2022-10-27T16:20:50","date_gmt":"2022-10-27T19:20:50","guid":{"rendered":"https:\/\/www2.uepg.br\/proex\/?p=10394"},"modified":"2025-05-26T16:26:10","modified_gmt":"2025-05-26T19:26:10","slug":"ods","status":"publish","type":"post","link":"https:\/\/www2.uepg.br\/proex\/ods\/","title":{"rendered":"Proex-UEPG abre edital para a\u00e7\u00f5es ligadas ao desenvolvimento sustent\u00e1vel"},"content":{"rendered":"<p style=\"text-align: justify\">A Universidade Estadual de Ponta Grossa (UEPG), por meio da Divis\u00e3o de Extens\u00e3o Universit\u00e1ria da Pr\u00f3-Reitoria de Extens\u00e3o e Assuntos Culturais (DEU-Proex), abriu edital sele\u00e7\u00e3o de a\u00e7\u00f5es ligadas ao desenvolvimento sustent\u00e1vel. O objetivo \u00e9 estimular submiss\u00f5es de projetos que contemplem \u00e1reas tem\u00e1ticas identificadas com a extens\u00e3o universit\u00e1ria e estejam em conson\u00e2ncia com os Objetivos de Desenvolvimento Sustent\u00e1vel (ODS).\u00a0O edital acontece no \u00e2mbito do Programa de Fomento \u00e0s A\u00e7\u00f5es Extensionistas de 2023. As propostas devem ser submetidas at\u00e9 18 de novembro, via\u00a0<a role=\"link\" href=\"https:\/\/sistemas.uepg.br\/producao\/pro-reitorias\/proex\/propostas\/usf_index.php\"><strong>formul\u00e1rio<\/strong><\/a>\u00a0on-line.<\/p>\n<p style=\"text-align: justify\">Conforme a diretora de Extens\u00e3o Universit\u00e1ria, Sandra Maria Scheffer, foram elencados tr\u00eas ODS, a partir das linhas tem\u00e1ticas da extens\u00e3o \u2013 Igualdade de G\u00eanero (ODS 5); Redu\u00e7\u00e3o das Desigualdades (ODS 10); e Paz, Justi\u00e7a e Institui\u00e7\u00f5es Eficazes (ODS 16). \u201cA ideia \u00e9 promover a inicia\u00e7\u00e3o extensionista de acad\u00eamicos da gradua\u00e7\u00e3o, em projetos que contribuam para o debate e a resolu\u00e7\u00e3o dessas demandas sociais\u201d.<\/p>\n<p style=\"text-align: justify\">Para a submiss\u00e3o, a proposta dever\u00e1 estar claramente caracterizada como extens\u00e3o universit\u00e1ria, voltada ao atendimento da comunidade externa; ter o envolvimento obrigat\u00f3rio de alunos de gradua\u00e7\u00e3o da UEPG; estar em conson\u00e2ncia com os ODS elencados no edital; e ter prazo de execu\u00e7\u00e3o de 12 meses. O projeto deve considerar ainda as linhas tem\u00e1ticas previstas, n\u00e3o sendo poss\u00edvel concorrer em mais de uma linha ou apresentar mais de um projeto por coordenador. Para este edital, ser\u00e3o ofertadas 10 bolsas extensionistas.<\/p>\n<p style=\"text-align: justify\">Os interessados devem apresentar formul\u00e1rio de proposta do projeto de extens\u00e3o (anexo ao edital); documento comprobat\u00f3rio de n\u00e3o estar inadimplente em atividades de pesquisa, extens\u00e3o ou atividades integradas;\u00a0<em>Curr\u00edculo Lattes\u00a0<\/em>completo e atualizado, referente ao per\u00edodo de 2019 a 2021; e plano de trabalho dos bolsistas indicados, regularmente matriculados em 2023. Cada proposta poder\u00e1 indicar at\u00e9 dois bolsistas (titular e suplente). A bolsa ser\u00e1 de R$ 500 (fevereiro a dezembro).<\/p>\n<p style=\"text-align: justify\"><strong>ODS<\/strong><\/p>\n<p style=\"text-align: justify\">Os Objetivos de Desenvolvimento Sustent\u00e1vel fazem parte da chamada \u201cAgenda 2030\u201d, um pacto global assinado durante a C\u00fapula das Na\u00e7\u00f5es Unidas em 2015 pelos 193 pa\u00edses membros. A agenda \u00e9 composta por 17 objetivos interconectados, desdobrados em 169 metas, com foco em superar os principais desafios de desenvolvimento enfrentados por pessoas no Brasil e no mundo, promovendo o crescimento sustent\u00e1vel global at\u00e9 2030.<\/p>\n<p style=\"text-align: justify\">Confira a \u00edntegra do edital no\u00a0<a role=\"link\" href=\"https:\/\/www2.uepg.br\/proex\/wp-content\/uploads\/sites\/8\/2022\/10\/Edital-611-2022-1.pdf\">link aqui<\/a>.<\/p>\n<blockquote>\n<p style=\"text-align: justify\">Texto: Neomil Macedo | Foto: William Clarindo<\/p>\n<\/blockquote>\n","protected":false},"excerpt":{"rendered":"<p>A Universidade Estadual de Ponta Grossa (UEPG), por meio da Divis\u00e3o de Extens\u00e3o Universit\u00e1ria da Pr\u00f3-Reitoria de Extens\u00e3o e Assuntos Culturais (DEU-Proex), abriu edital sele\u00e7\u00e3o de a\u00e7\u00f5es ligadas ao desenvolvimento sustent\u00e1vel. O objetivo \u00e9 estimular submiss\u00f5es de projetos que contemplem \u00e1reas tem\u00e1ticas identificadas com a extens\u00e3o universit\u00e1ria e estejam em conson\u00e2ncia com os Objetivos de&nbsp;&hellip;<\/p>\n","protected":false},"author":844,"featured_media":10395,"comment_status":"closed","ping_status":"closed","sticky":false,"template":"","format":"standard","meta":[],"categories":[8],"tags":[135,219,225,160,161,222,223,224,26,226,50],"_links":{"self":[{"href":"https:\/\/www2.uepg.br\/proex\/wp-json\/wp\/v2\/posts\/10394"}],"collection":[{"href":"https:\/\/www2.uepg.br\/proex\/wp-json\/wp\/v2\/posts"}],"about":[{"href":"https:\/\/www2.uepg.br\/proex\/wp-json\/wp\/v2\/types\/post"}],"author":[{"embeddable":true,"href":"https:\/\/www2.uepg.br\/proex\/wp-json\/wp\/v2\/users\/844"}],"replies":[{"embeddable":true,"href":"https:\/\/www2.uepg.br\/proex\/wp-json\/wp\/v2\/comments?post=10394"}],"version-history":[{"count":1,"href":"https:\/\/www2.uepg.br\/proex\/wp-json\/wp\/v2\/posts\/10394\/revisions"}],"predecessor-version":[{"id":10396,"href":"https:\/\/www2.uepg.br\/proex\/wp-json\/wp\/v2\/posts\/10394\/revisions\/10396"}],"wp:featuredmedia":[{"embeddable":true,"href":"https:\/\/www2.uepg.br\/proex\/wp-json\/wp\/v2\/media\/10395"}],"wp:attachment":[{"href":"https:\/\/www2.uepg.br\/proex\/wp-json\/wp\/v2\/media?parent=10394"}],"wp:term":[{"taxonomy":"category","embeddable":true,"href":"https:\/\/www2.uepg.br\/proex\/wp-json\/wp\/v2\/categories?post=10394"},{"taxonomy":"post_tag","embeddable":true,"href":"https:\/\/www2.uepg.br\/proex\/wp-json\/wp\/v2\/tags?post=10394"}],"curies":[{"name":"wp","href":"https:\/\/api.w.org\/{rel}","templated":true}]}}