{"id":10645,"date":"2025-07-23T08:18:08","date_gmt":"2025-07-23T11:18:08","guid":{"rendered":"https:\/\/www2.uepg.br\/proex\/?p=10645"},"modified":"2025-07-23T08:18:08","modified_gmt":"2025-07-23T11:18:08","slug":"natividade-pro","status":"publish","type":"post","link":"https:\/\/www2.uepg.br\/proex\/natividade-pro\/","title":{"rendered":"1\u00aa Caminhada e Corrida UEPG Natividade tem inscri\u00e7\u00f5es prorrogadas"},"content":{"rendered":"<p style=\"text-align: justify\"><img loading=\"lazy\" class=\"wp-image-10647 alignright\" src=\"https:\/\/www2.uepg.br\/proex\/wp-content\/uploads\/sites\/8\/2025\/07\/WhatsApp-Image-2025-06-18-at-09.16.49-1.jpeg\" alt=\"\" width=\"392\" height=\"733\" \/>A Universidade Estadual de Ponta Grossa (UEPG) recebe a 1\u00aa Caminhada e Corrida UEPG Natividade, em 24 de agosto. O evento \u00e9 uma realiza\u00e7\u00e3o do Departamento de Educa\u00e7\u00e3o F\u00edsica, acontece no Campus Uvaranas e \u00e9 aberto para toda a comunidade a partir de um ano de idade.<\/p>\n<p style=\"text-align: justify\">As inscri\u00e7\u00f5es v\u00e3o at\u00e9 o dia 14 de agosto e podem ser feitas\u00a0<a role=\"link\" href=\"https:\/\/forms.gle\/WHfbva6CLoF6C4N57\">neste link<\/a>. At\u00e9 o momento, j\u00e1 se inscreveram aproximadamente 120 pessoas, de nove a 102 anos de idade.<\/p>\n<p style=\"text-align: justify\"><strong>Planejamento<\/strong><\/p>\n<p style=\"text-align: justify\">O cronograma da corrida prev\u00ea uma concentra\u00e7\u00e3o a partir das 7h, com retirada dos<i>\u00a0kits<\/i>\u00a0dos atletas. As largadas ocorrem em hor\u00e1rios distintos para garantir a seguran\u00e7a dos participantes. A corrida de 10 km inicia \u00e0s 8h; seguida pela corrida de 5 km, \u00e0s 8h10. A caminhada de 5 km come\u00e7a \u00e0s 8h20; a de 3 km, \u00e0s 8h30. A prova infantil, para crian\u00e7as de um a treze anos de idade, ser\u00e1 \u00e0s 9h.<\/p>\n<p style=\"text-align: justify\">O custo \u00e9 de R$50, para crian\u00e7as, adolescentes, pessoas idosas ou para quem tiver entre 18 e 59 anos, desde que traga um adulto 60+ para participar. Para todos os demais, o valor \u00e9 de R$80. A equipe de organiza\u00e7\u00e3o \u00e9 composta por dois docentes, 45 discentes e um t\u00e9cnico.<\/p>\n<p style=\"text-align: justify\"><b>A iniciativa<\/b><\/p>\n<p style=\"text-align: justify\">O nome da corrida \u00e9 derivado do projeto de extens\u00e3o \u201cUEPG Natividade\u201d, e tem como objetivo geral incentivar a ado\u00e7\u00e3o de um estilo de vida ativo e oportunizar a participa\u00e7\u00e3o da comunidade em uma prova de corrida ou caminhada.<\/p>\n<p style=\"text-align: justify\">Outra miss\u00e3o \u00e9 aproximar a comunidade externa da universidade e fortalecer o v\u00ednculo entre ensino, pesquisa e extens\u00e3o, al\u00e9m de promover a intera\u00e7\u00e3o entre gera\u00e7\u00f5es.<\/p>\n<p style=\"text-align: justify\">S\u00e3o parceiros para a realiza\u00e7\u00e3o da corrida os cursos de Medicina, Enfermagem, Nutri\u00e7\u00e3o e os acad\u00eamicos dos cursos de Bacharelado e Licenciatura em Educa\u00e7\u00e3o F\u00edsica da UEPG. A gest\u00e3o dos recursos financeiros ficar\u00e1 a cargo da Funda\u00e7\u00e3o de Apoio ao Desenvolvimento Institucional, Cient\u00edfico e Tecnol\u00f3gico da UEPG (Fauepg).<\/p>\n<blockquote>\n<p style=\"text-align: justify\">Texto: Helton Costa | Fotos: Aline Jasper e Arquivo Pessoal dos organizadores<\/p>\n<\/blockquote>\n","protected":false},"excerpt":{"rendered":"<p>A Universidade Estadual de Ponta Grossa (UEPG) recebe a 1\u00aa Caminhada e Corrida UEPG Natividade, em 24 de agosto. O evento \u00e9 uma realiza\u00e7\u00e3o do Departamento de Educa\u00e7\u00e3o F\u00edsica, acontece no Campus Uvaranas e \u00e9 aberto para toda a comunidade a partir de um ano de idade. As inscri\u00e7\u00f5es v\u00e3o at\u00e9 o dia 14 de&nbsp;&hellip;<\/p>\n","protected":false},"author":592,"featured_media":10646,"comment_status":"closed","ping_status":"closed","sticky":false,"template":"","format":"standard","meta":[],"categories":[8],"tags":[336,337,278,94,338,50],"_links":{"self":[{"href":"https:\/\/www2.uepg.br\/proex\/wp-json\/wp\/v2\/posts\/10645"}],"collection":[{"href":"https:\/\/www2.uepg.br\/proex\/wp-json\/wp\/v2\/posts"}],"about":[{"href":"https:\/\/www2.uepg.br\/proex\/wp-json\/wp\/v2\/types\/post"}],"author":[{"embeddable":true,"href":"https:\/\/www2.uepg.br\/proex\/wp-json\/wp\/v2\/users\/592"}],"replies":[{"embeddable":true,"href":"https:\/\/www2.uepg.br\/proex\/wp-json\/wp\/v2\/comments?post=10645"}],"version-history":[{"count":1,"href":"https:\/\/www2.uepg.br\/proex\/wp-json\/wp\/v2\/posts\/10645\/revisions"}],"predecessor-version":[{"id":10648,"href":"https:\/\/www2.uepg.br\/proex\/wp-json\/wp\/v2\/posts\/10645\/revisions\/10648"}],"wp:featuredmedia":[{"embeddable":true,"href":"https:\/\/www2.uepg.br\/proex\/wp-json\/wp\/v2\/media\/10646"}],"wp:attachment":[{"href":"https:\/\/www2.uepg.br\/proex\/wp-json\/wp\/v2\/media?parent=10645"}],"wp:term":[{"taxonomy":"category","embeddable":true,"href":"https:\/\/www2.uepg.br\/proex\/wp-json\/wp\/v2\/categories?post=10645"},{"taxonomy":"post_tag","embeddable":true,"href":"https:\/\/www2.uepg.br\/proex\/wp-json\/wp\/v2\/tags?post=10645"}],"curies":[{"name":"wp","href":"https:\/\/api.w.org\/{rel}","templated":true}]}}