{"id":1463,"date":"2019-09-12T14:04:06","date_gmt":"2019-09-12T17:04:06","guid":{"rendered":"http:\/\/www2.uepg.br\/proex\/?p=1463"},"modified":"2019-09-27T14:04:22","modified_gmt":"2019-09-27T17:04:22","slug":"estudantes-de-artes-visuais-oferecem-oficina-de-fotografia-a-comunidade","status":"publish","type":"post","link":"https:\/\/www2.uepg.br\/proex\/estudantes-de-artes-visuais-oferecem-oficina-de-fotografia-a-comunidade\/","title":{"rendered":"Estudantes de Artes Visuais oferecem Oficina de Fotografia \u00e0 comunidade"},"content":{"rendered":"<p align=\"justify\">O curso de Artes Visuais da UEPG oferece para toda a comunidade uma Oficina de Fotografia, ministrada pelos acad\u00eamicos do 4\u00b0 ano Alexandre Moll, Eduarda Oliveira, Grasiele Santos e Jessica Santos.<\/p>\n<p align=\"justify\">A oficina abordar\u00e1 os aspectos b\u00e1sicos de fotografia digital, sem exig\u00eancia de c\u00e2mera fotogr\u00e1fica, atingindo um p\u00fablico iniciante na \u00e1rea. A teoria b\u00e1sica ter\u00e1 como abordagem a hist\u00f3ria da fotografia, do avan\u00e7o das t\u00e9cnicas e tecnologia, at\u00e9 o aprimoramento do olhar do fot\u00f3grafo. Os temas oferecidos ser\u00e3o diversificados como a fotografia de paisagem urbana, pessoas, retratos, entre outros.<\/p>\n<p align=\"justify\">A oficina acontece entre os dias 18 de setembro a 13 de novembro, as quartas-feiras, das 8h \u00e0s 12h na sede da Proex, localizada na Rua Sant\u2019Ana, n\u00ba 1019, Centro. As inscri\u00e7\u00f5es s\u00e3o gratuitas e podem ser realizadas atrav\u00e9s do formul\u00e1rio online:\u00a0<a href=\"https:\/\/forms.gle\/pWZ2WanjEfhmFL1L8\">https:\/\/forms.gle\/pWZ2WanjEfhmFL1L8<\/a>. Para mais informa\u00e7\u00f5es entre em contato atrav\u00e9s do e-mail: fotografia.proex@gmail.com e do telefone: (42) 99999- 3516.<\/p>\n<p align=\"justify\">\n","protected":false},"excerpt":{"rendered":"<p>O curso de Artes Visuais da UEPG oferece para toda a comunidade uma Oficina de Fotografia, ministrada pelos acad\u00eamicos do 4\u00b0 ano Alexandre Moll, Eduarda Oliveira, Grasiele Santos e Jessica Santos. A oficina abordar\u00e1 os aspectos b\u00e1sicos de fotografia digital, sem exig\u00eancia de c\u00e2mera fotogr\u00e1fica, atingindo um p\u00fablico iniciante na \u00e1rea. A teoria b\u00e1sica ter\u00e1&nbsp;&hellip;<\/p>\n","protected":false},"author":24,"featured_media":1464,"comment_status":"closed","ping_status":"closed","sticky":false,"template":"","format":"standard","meta":[],"categories":[8],"tags":[],"_links":{"self":[{"href":"https:\/\/www2.uepg.br\/proex\/wp-json\/wp\/v2\/posts\/1463"}],"collection":[{"href":"https:\/\/www2.uepg.br\/proex\/wp-json\/wp\/v2\/posts"}],"about":[{"href":"https:\/\/www2.uepg.br\/proex\/wp-json\/wp\/v2\/types\/post"}],"author":[{"embeddable":true,"href":"https:\/\/www2.uepg.br\/proex\/wp-json\/wp\/v2\/users\/24"}],"replies":[{"embeddable":true,"href":"https:\/\/www2.uepg.br\/proex\/wp-json\/wp\/v2\/comments?post=1463"}],"version-history":[{"count":1,"href":"https:\/\/www2.uepg.br\/proex\/wp-json\/wp\/v2\/posts\/1463\/revisions"}],"predecessor-version":[{"id":1465,"href":"https:\/\/www2.uepg.br\/proex\/wp-json\/wp\/v2\/posts\/1463\/revisions\/1465"}],"wp:featuredmedia":[{"embeddable":true,"href":"https:\/\/www2.uepg.br\/proex\/wp-json\/wp\/v2\/media\/1464"}],"wp:attachment":[{"href":"https:\/\/www2.uepg.br\/proex\/wp-json\/wp\/v2\/media?parent=1463"}],"wp:term":[{"taxonomy":"category","embeddable":true,"href":"https:\/\/www2.uepg.br\/proex\/wp-json\/wp\/v2\/categories?post=1463"},{"taxonomy":"post_tag","embeddable":true,"href":"https:\/\/www2.uepg.br\/proex\/wp-json\/wp\/v2\/tags?post=1463"}],"curies":[{"name":"wp","href":"https:\/\/api.w.org\/{rel}","templated":true}]}}