{"id":1466,"date":"2019-09-12T14:05:16","date_gmt":"2019-09-12T17:05:16","guid":{"rendered":"http:\/\/www2.uepg.br\/proex\/?p=1466"},"modified":"2019-09-27T14:06:51","modified_gmt":"2019-09-27T17:06:51","slug":"47o-fenata-recebe-159-inscricoes-de-13-estados-brasileiros","status":"publish","type":"post","link":"https:\/\/www2.uepg.br\/proex\/47o-fenata-recebe-159-inscricoes-de-13-estados-brasileiros\/","title":{"rendered":"47\u00ba Fenata recebe 159 inscri\u00e7\u00f5es de 13 estados brasileiros"},"content":{"rendered":"<p>O 47\u00ba Festival Nacional de Teatro da Universidade Estadual de Ponta Grossa recebeu inscri\u00e7\u00f5es de 159 pe\u00e7as de 13 estados brasileiros. Amanh\u00e3 (13) os curadores se re\u00fanem no Hotel Select Planalto para sele\u00e7\u00e3o das pe\u00e7as que integrar\u00e3o a programa\u00e7\u00e3o do Festival, que acontece de 22 a 27 de outubro em Ponta Grossa.<\/p>\n<p>O per\u00edodo de inscri\u00e7\u00f5es encerrou em 30 de agosto e entre os Estados inscritos para seletiva, S\u00e3o Paulo participa com 62 pe\u00e7as, Santa Catarina com 16 e Rio de Janeiro com 12. A organiza\u00e7\u00e3o tamb\u00e9m destaca o grande n\u00famero de grupos inscritos no Paran\u00e1, 49. Bahia, Distrito Federal, Esp\u00edrito Santo Santo, Goi\u00e1s, Mato Grosso Grosso do Sul, Minas Gerais, Para\u00edba, Paran\u00e1, Pernambuco, Rio Grande do Sul tamb\u00e9m t\u00eam inscri\u00e7\u00f5es contempladas no edital com o\u00a0<a href=\"http:\/\/bit.ly\/2lR4BJm\">resultado<\/a>.<\/p>\n<p>O trabalho de curadoria que ser\u00e1 realizado nesta sexta-feira resultar\u00e1 na sele\u00e7\u00e3o de at\u00e9 6 espet\u00e1culos na categoria Teatro Adulto; at\u00e9 5 na categoria Teatro Infantil, Bonecos, Anima\u00e7\u00e3o; at\u00e9 5 espet\u00e1culos de Teatro de Rua. Outros 3 espet\u00e1culos ser\u00e3o selecionados para a mostra de Teatro Telmo Faria. \u00a0Para as apresenta\u00e7\u00f5es de rua, que acontecem em espa\u00e7os alternativos e escolas, tamb\u00e9m ser\u00e3o selecionadas at\u00e9 3 pe\u00e7as. A Mostra Especial contar\u00e1 com 6 espet\u00e1culos itinerantes. A organiza\u00e7\u00e3o divulgar\u00e1 nos pr\u00f3ximos dias os espet\u00e1culos convidados que far\u00e3o a abertura e o encerramento e n\u00e3o competem no Festival.<\/p>\n<p>A diretora de Assuntos Culturais da Proex, a professora Sandra Borsoi, esclarece que a equipe organizadora do Festival n\u00e3o participa desta sele\u00e7\u00e3o e n\u00e3o opina. \u201cA curadoria \u00e9 soberana, de acordo com o Edital do evento\u201d, enfatiza.<\/p>\n<p>&nbsp;<\/p>\n<p><strong><em>Acompanhe a mat\u00e9ria completa:<\/em><\/strong>\u00a0<a href=\"https:\/\/www.uepg.br\/47o-fenata-recebeu-159-inscricoes-de-13-estados-brasileiros\/\">https:\/\/www.uepg.br\/47o-fenata-recebeu-159-inscricoes-de-13-estados-brasileiros\/<\/a><\/p>\n","protected":false},"excerpt":{"rendered":"<p>O 47\u00ba Festival Nacional de Teatro da Universidade Estadual de Ponta Grossa recebeu inscri\u00e7\u00f5es de 159 pe\u00e7as de 13 estados brasileiros. Amanh\u00e3 (13) os curadores se re\u00fanem no Hotel Select Planalto para sele\u00e7\u00e3o das pe\u00e7as que integrar\u00e3o a programa\u00e7\u00e3o do Festival, que acontece de 22 a 27 de outubro em Ponta Grossa. O per\u00edodo de&nbsp;&hellip;<\/p>\n","protected":false},"author":24,"featured_media":1467,"comment_status":"closed","ping_status":"closed","sticky":false,"template":"","format":"standard","meta":[],"categories":[8],"tags":[],"_links":{"self":[{"href":"https:\/\/www2.uepg.br\/proex\/wp-json\/wp\/v2\/posts\/1466"}],"collection":[{"href":"https:\/\/www2.uepg.br\/proex\/wp-json\/wp\/v2\/posts"}],"about":[{"href":"https:\/\/www2.uepg.br\/proex\/wp-json\/wp\/v2\/types\/post"}],"author":[{"embeddable":true,"href":"https:\/\/www2.uepg.br\/proex\/wp-json\/wp\/v2\/users\/24"}],"replies":[{"embeddable":true,"href":"https:\/\/www2.uepg.br\/proex\/wp-json\/wp\/v2\/comments?post=1466"}],"version-history":[{"count":1,"href":"https:\/\/www2.uepg.br\/proex\/wp-json\/wp\/v2\/posts\/1466\/revisions"}],"predecessor-version":[{"id":1468,"href":"https:\/\/www2.uepg.br\/proex\/wp-json\/wp\/v2\/posts\/1466\/revisions\/1468"}],"wp:featuredmedia":[{"embeddable":true,"href":"https:\/\/www2.uepg.br\/proex\/wp-json\/wp\/v2\/media\/1467"}],"wp:attachment":[{"href":"https:\/\/www2.uepg.br\/proex\/wp-json\/wp\/v2\/media?parent=1466"}],"wp:term":[{"taxonomy":"category","embeddable":true,"href":"https:\/\/www2.uepg.br\/proex\/wp-json\/wp\/v2\/categories?post=1466"},{"taxonomy":"post_tag","embeddable":true,"href":"https:\/\/www2.uepg.br\/proex\/wp-json\/wp\/v2\/tags?post=1466"}],"curies":[{"name":"wp","href":"https:\/\/api.w.org\/{rel}","templated":true}]}}