{"id":1469,"date":"2019-09-16T14:07:50","date_gmt":"2019-09-16T17:07:50","guid":{"rendered":"http:\/\/www2.uepg.br\/proex\/?p=1469"},"modified":"2019-09-27T14:08:49","modified_gmt":"2019-09-27T17:08:49","slug":"museu-campos-gerais-recebe-palestras-e-acoes-culturais-na-13a-primavera-dos-museus","status":"publish","type":"post","link":"https:\/\/www2.uepg.br\/proex\/museu-campos-gerais-recebe-palestras-e-acoes-culturais-na-13a-primavera-dos-museus\/","title":{"rendered":"Museu Campos Gerais recebe palestras e a\u00e7\u00f5es culturais na 13\u00aa Primavera dos Museus"},"content":{"rendered":"<p>A \u00faltima semana de setembro deve concentrar debates em todo o pa\u00eds sobre o papel dos museus e suas rela\u00e7\u00f5es com a sociedade. Essa tamb\u00e9m \u00e9 a expectativa do Museu Campos Gerais, da Universidade Estadual de Ponta Grossa (UEPG), para a 13\u00aa Primavera dos Museus, temporada de eventos coordenada pelo Instituto Brasileiro de Museus (Ibram), que acontece entre os dias 23 e 29 deste m\u00eas.<\/p>\n<p>O tema desta edi\u00e7\u00e3o destaca: \u201cMuseus por dentro, por dentro dos museus\u201d. Em Ponta Grossa, o Museu Campos Gerais concentra debates com especialistas, exibi\u00e7\u00e3o de filmes, roda de mem\u00f3ria e a\u00e7\u00f5es culturais em seis dias de evento, com op\u00e7\u00f5es de programa\u00e7\u00e3o gratuita nos tr\u00eas turnos.<\/p>\n<p>A abertura oficial ocorre no dia 23, segunda-feira, \u00e0s 19h, no Audit\u00f3rio Brasil Pinheiro Machado, com a palestra \u201cImagens virtuais e mem\u00f3ria social na constru\u00e7\u00e3o hist\u00f3rica\u201d, a ser ministrada pelo historiador Eduardo Thielen, da Funda\u00e7\u00e3o Oswaldo Cruz (Fiocruz\/RJ). Na ter\u00e7a-feira (24), o professor e pesquisador exibe e comenta o document\u00e1rio \u2018Sa\u00fade! Velho Chico\u2019, \u00e0s 16h.<\/p>\n<p>\u201cA universidade p\u00fablica tem um lugar e uma responsabilidade no mapa da cultura, das artes e dos espa\u00e7os de mem\u00f3ria no pa\u00eds. Por isso a import\u00e2ncia de o Museu Campos Gerais estar sintonizado a uma agenda nacional de atividades e debates\u201d, explica o professor Niltonci Batista Chaves, diretor geral do MCG. Para ele, tanto a Primavera dos Museus quanto a Semana Nacional dos Museus, que aconteceu em maio, s\u00e3o eventos fundamentais para se repensar e fortalecer os espa\u00e7os museais nos estados e munic\u00edpios.<\/p>\n<p><strong>G\u00eanero, hist\u00f3ria da imprensa, roda de mem\u00f3ria e tour virtual<\/strong><\/p>\n<p>A quarta-feira (25) reserva espa\u00e7o, pela manh\u00e3, para a\u00e7\u00e3o art\u00edstica no museu promovida pelo curso de Artes Visuais da UEPG. \u00c0s 18h, o cineclube do projeto Cultura Plural, do curso de Jornalismo, exibe o filme \u2018Cara gente branca\u2019. Na quinta (26) pela manh\u00e3 ocorre a palestra\u00a0 \u201cG\u00eanero e museus: desafios e perspectivas\u201d, com a consultora independente Am\u00e9lia Siegel Corr\u00eaa, pesquisadora da UFPR e junto ao Projeto Global Europe, da\u00a0 Universidade de Copenhagen.<\/p>\n<p>Na tarde de quinta, o Programa de Educa\u00e7\u00e3o Tutorial (PET) de Hist\u00f3ria desenvolve um espa\u00e7o de escuta e produ\u00e7\u00e3o de mem\u00f3ria a partir de roda de conversa com servidores que atuam no MCG.<\/p>\n<p>O evento Museu Campos Gerais na 13\u00aa Primavera dos Museus continua na sexta-feira (27), com a palestra \u201cMem\u00f3rias da imprensa paranaense: acervo fotogr\u00e1fico do jornal O Estado do Paran\u00e1\u201d, a cargo do jornalista e professor Jos\u00e9 Carlos Fernandes (UFPR). \u00c0 noite ganha espa\u00e7o mais uma edi\u00e7\u00e3o do projeto cultural Noites de Sexta, que apresenta v\u00eddeos, conversas e interven\u00e7\u00f5es a respeito do \u2018Pontagross\u00eas\u2019 e da identidade local. A programa\u00e7\u00e3o encerra no s\u00e1bado (28), com visita projetada a diferentes museus de interesse \u2013 uma esp\u00e9cie de guia virtual de visita\u00e7\u00e3o por diferentes cidades e pa\u00edses.<\/p>\n<p>As atividades do Museu Campos Gerais na 13\u00aa Primavera dos Museus contam com apoio da Pr\u00f3-Reitoria de Extens\u00e3o e Assuntos Culturais (PROEX), do Departamento de Hist\u00f3ria da UEPG e do PET Hist\u00f3ria.<\/p>\n<p><strong>13\u00aa PRIMAVERA DOS MUSEUS<\/strong><\/p>\n<p><strong>Museus por dentro, por dentro dos museus<\/strong><\/p>\n<p><strong>\u00a0<\/strong><\/p>\n<p><strong>Museu Campos Gerais na 13\u00aa Primavera dos\u00a0<u>Museus<\/u><\/strong><\/p>\n<p><strong>23.09 \u2013 19h_ Abertura do evento<br \/>\n<\/strong>Imagens virtuais e mem\u00f3ria social na constru\u00e7\u00e3o hist\u00f3rica (Eduardo Thielen \u2013 FIOCRUZ\/RJ)<\/p>\n<p>Encerramento da exposi\u00e7\u00e3o Paran\u00e1 \u2013 A fotografia de Orlando Azevedo<\/p>\n<p><strong>24.09 \u2013 16h<br \/>\n<\/strong>Exibi\u00e7\u00e3o comentada do document\u00e1rio \u2018Sa\u00fade! Velho Chico\u2019 (Fiocruz\/RJ), com Eduardo Thielen<\/p>\n<p><strong>25.09 \u2013 9h<br \/>\n<\/strong>Atividade Cultural \u2013 Curso de Artes Visuais da Uepg<\/p>\n<p><strong>25.09 \u2013 18h<br \/>\n<\/strong>Foca na Tela\/Cultura Plural apresenta o filme Cara Gente Branca<\/p>\n<p><strong>26.09 \u2013 9h<br \/>\n<\/strong>G\u00eanero e museus: desafios e perspectivas<br \/>\n(Am\u00e9lia Siegel Corr\u00eaa \u2013 N\u00facleo de Estudos de G\u00eanero da UFPR e do Projeto Global Europe, no Departamento de Antropologia da Universidade de Copenhagen)<\/p>\n<p><strong>26.09 \u2013 14h<br \/>\n<\/strong>Servidores, mem\u00f3ria e cotidiano no Museu Campos Gerais: roda de mem\u00f3ria com o PET Hist\u00f3ria UEPG<\/p>\n<p><strong><br \/>\n27.09 \u2013 9h<br \/>\n<\/strong>Mem\u00f3rias da imprensa paranaense: acervo fotogr\u00e1fico do jornal O Estado do Paran\u00e1<br \/>\n(Jos\u00e9 Carlos Fernandes \u2013 PPG Comunica\u00e7\u00e3o, UFPR)<\/p>\n<p><strong>27.09 \u2013 11h<br \/>\n<\/strong>Reuni\u00e3o aberta de trabalho da exposi\u00e7\u00e3o Hist\u00f3rias da Sa\u00fade Mental em Ponta Grossa<\/p>\n<p><strong>27.09 \u2013 19h<br \/>\n<\/strong>Projeto Noites de Sexta. \u201cPontagross\u00eas!\u201d \u2013 com Misto Quente produ\u00e7\u00f5es &amp; Hein Leonard Bowles<\/p>\n<p><strong>28.09 \u2013 15h_ Encerramento do evento<br \/>\n<\/strong>Tour virtual pelos museus.<\/p>\n<p><em>Local: Museu Campos Gerais.<\/em><\/p>\n<p><em>Todas as atividades gratuitas.<\/em><\/p>\n<p>Informa\u00e7\u00f5es: (42) 3220 3470<\/p>\n","protected":false},"excerpt":{"rendered":"<p>A \u00faltima semana de setembro deve concentrar debates em todo o pa\u00eds sobre o papel dos museus e suas rela\u00e7\u00f5es com a sociedade. Essa tamb\u00e9m \u00e9 a expectativa do Museu Campos Gerais, da Universidade Estadual de Ponta Grossa (UEPG), para a 13\u00aa Primavera dos Museus, temporada de eventos coordenada pelo Instituto Brasileiro de Museus (Ibram),&nbsp;&hellip;<\/p>\n","protected":false},"author":24,"featured_media":1470,"comment_status":"closed","ping_status":"closed","sticky":false,"template":"","format":"standard","meta":[],"categories":[8],"tags":[],"_links":{"self":[{"href":"https:\/\/www2.uepg.br\/proex\/wp-json\/wp\/v2\/posts\/1469"}],"collection":[{"href":"https:\/\/www2.uepg.br\/proex\/wp-json\/wp\/v2\/posts"}],"about":[{"href":"https:\/\/www2.uepg.br\/proex\/wp-json\/wp\/v2\/types\/post"}],"author":[{"embeddable":true,"href":"https:\/\/www2.uepg.br\/proex\/wp-json\/wp\/v2\/users\/24"}],"replies":[{"embeddable":true,"href":"https:\/\/www2.uepg.br\/proex\/wp-json\/wp\/v2\/comments?post=1469"}],"version-history":[{"count":1,"href":"https:\/\/www2.uepg.br\/proex\/wp-json\/wp\/v2\/posts\/1469\/revisions"}],"predecessor-version":[{"id":1471,"href":"https:\/\/www2.uepg.br\/proex\/wp-json\/wp\/v2\/posts\/1469\/revisions\/1471"}],"wp:featuredmedia":[{"embeddable":true,"href":"https:\/\/www2.uepg.br\/proex\/wp-json\/wp\/v2\/media\/1470"}],"wp:attachment":[{"href":"https:\/\/www2.uepg.br\/proex\/wp-json\/wp\/v2\/media?parent=1469"}],"wp:term":[{"taxonomy":"category","embeddable":true,"href":"https:\/\/www2.uepg.br\/proex\/wp-json\/wp\/v2\/categories?post=1469"},{"taxonomy":"post_tag","embeddable":true,"href":"https:\/\/www2.uepg.br\/proex\/wp-json\/wp\/v2\/tags?post=1469"}],"curies":[{"name":"wp","href":"https:\/\/api.w.org\/{rel}","templated":true}]}}