{"id":1475,"date":"2019-09-11T14:12:08","date_gmt":"2019-09-11T17:12:08","guid":{"rendered":"http:\/\/www2.uepg.br\/proex\/?p=1475"},"modified":"2019-09-27T14:13:59","modified_gmt":"2019-09-27T17:13:59","slug":"galeria-da-proex-lanca-primeira-mostra-de-arte-em-ceramica-de-ponta-grossa","status":"publish","type":"post","link":"https:\/\/www2.uepg.br\/proex\/galeria-da-proex-lanca-primeira-mostra-de-arte-em-ceramica-de-ponta-grossa\/","title":{"rendered":"Galeria da Proex lan\u00e7a primeira mostra de arte em cer\u00e2mica de Ponta Grossa"},"content":{"rendered":"<p>Nesta quarta-feira (11), \u00e0s 19h30, a Diretoria de Assuntos Culturais da Proex abre a primeira exposi\u00e7\u00e3o exclusivamente de Cer\u00e2mica realizada em Ponta Grossa: \u201cTerra, Cores e Formas\u201d, na Galeria da Proex. A mostra comemora o anivers\u00e1rio de Ponta Grossa, que completa 196 anos no domingo, 15 de setembro.<\/p>\n<p><img loading=\"lazy\" class=\"wp-image-1685 alignleft lazyloaded\" src=\"https:\/\/www.uepg.br\/wp-content\/uploads\/2019\/09\/capa.jpg\" alt=\"\" width=\"544\" height=\"326\" data-srcset=\"https:\/\/www.uepg.br\/wp-content\/uploads\/2019\/09\/capa.jpg 1000w, https:\/\/www.uepg.br\/wp-content\/uploads\/2019\/09\/capa-300x180.jpg 300w, https:\/\/www.uepg.br\/wp-content\/uploads\/2019\/09\/capa-768x461.jpg 768w\" data-src=\"https:\/\/www.uepg.br\/wp-content\/uploads\/2019\/09\/capa.jpg\" \/>A exposi\u00e7\u00e3o \u00e9 composta por obras de 14 artistas, que t\u00eam na cer\u00e2mica o principal elemento compositivo, utilizando-se de diferentes t\u00e9cnicas e propostas. Os organizadores explicam que a cer\u00e2mica aqui surge como uma forma de linguagem expandida, ora como escultura, ora como objeto, ora como forma, ora como conceito. Produ\u00e7\u00f5es que falam da Arte Cl\u00e1ssica, Contempor\u00e2nea e Conceitual, dividindo um mesmo espa\u00e7o de frui\u00e7\u00e3o. \u201cEsta \u00e9 uma mostra coletiva em que os artistas criaram obras em cer\u00e2mica como linguagem principal, nas suas diferentes dimens\u00f5es e proposi\u00e7\u00f5es\u201d, afirmam os curadores Glaucia Fl\u00fcgel e Nelson Silva Junior. \u201cAs obras s\u00e3o fruto das diferentes rela\u00e7\u00f5es que cada artista, a partir de sua po\u00e9tica, estabelece com a pr\u00f3pria mat\u00e9ria-prima e o processo de cria\u00e7\u00e3o\u201d<\/p>\n<p><img loading=\"lazy\" class=\"wp-image-1702 alignright lazyloaded\" src=\"https:\/\/www.uepg.br\/wp-content\/uploads\/2019\/09\/WhatsApp-Image-2019-09-11-at-11.32.49.jpeg\" alt=\"\" width=\"161\" height=\"214\" data-srcset=\"https:\/\/www.uepg.br\/wp-content\/uploads\/2019\/09\/WhatsApp-Image-2019-09-11-at-11.32.49.jpeg 656w, https:\/\/www.uepg.br\/wp-content\/uploads\/2019\/09\/WhatsApp-Image-2019-09-11-at-11.32.49-225x300.jpeg 225w\" data-src=\"https:\/\/www.uepg.br\/wp-content\/uploads\/2019\/09\/WhatsApp-Image-2019-09-11-at-11.32.49.jpeg\" \/>O t\u00edtulo da exposi\u00e7\u00e3o, de acordo com a curadora, \u00e9 uma alus\u00e3o ao elemento terra, como o princ\u00edpio b\u00e1sico da argila, manifestada em diferentes cores e formas e que comp\u00f5e uma gama po\u00e9tica de possibilidades. Para o curador, em cada cria\u00e7\u00e3o os artistas evidenciam, para al\u00e9m de suas viv\u00eancias e experi\u00eancias com uma determinada linguagem art\u00edstica, o encantamento do devir que a argila proporciona \u00e0queles que t\u00eam nesse suporte sua principal refer\u00eancia art\u00edstica. \u201cO processo lento de moldar, secar e queimar a argila, transformando-a em Cer\u00e2mica \u00e9, para o artista do barro, esse devir, o vir a ser que somente a obra de arte proporciona ao homem\u201d.<\/p>\n<p><img loading=\"lazy\" class=\"wp-image-1622 alignleft lazyloaded\" src=\"https:\/\/www.uepg.br\/wp-content\/uploads\/2019\/09\/terra.jpg\" alt=\"\" width=\"319\" height=\"399\" data-srcset=\"https:\/\/www.uepg.br\/wp-content\/uploads\/2019\/09\/terra.jpg 1024w, https:\/\/www.uepg.br\/wp-content\/uploads\/2019\/09\/terra-240x300.jpg 240w, https:\/\/www.uepg.br\/wp-content\/uploads\/2019\/09\/terra-768x960.jpg 768w, https:\/\/www.uepg.br\/wp-content\/uploads\/2019\/09\/terra-819x1024.jpg 819w, https:\/\/www.uepg.br\/wp-content\/uploads\/2019\/09\/terra-864x1080.jpg 864w\" data-src=\"https:\/\/www.uepg.br\/wp-content\/uploads\/2019\/09\/terra.jpg\" \/>A curadoria da exposi\u00e7\u00e3o \u00e9 de Glaucia Fl\u00fcgel e Nelson Silva Junior, e a exposi\u00e7\u00e3o exibe obras de 14 artistas: Alan Max Gonzales Groth, Andreia Spanholi, Carla Pimentel, Carina Weidle, Ceres Schneider, Diego Divardim, Eduardo Freitas, Elaine Denck, Glaucia Fl\u00fcgel, Glauco Menta, Mar\u00edlia Diaz, Nelson Silva Junior, Regina Costacurta, e Soraia Savaris.<\/p>\n<p>Servi\u00e7o:<br \/>\nData: 11 de setembro<br \/>\nHor\u00e1rio: 19h30<br \/>\nLocal: Galeria DAC\/PROEX<br \/>\nRua Sant\u2019Ana, n\u00ba 1019, Centro<\/p>\n<p>&nbsp;<\/p>\n<p>&nbsp;<\/p>\n<p>&nbsp;<\/p>\n<p>&nbsp;<\/p>\n<p>&nbsp;<\/p>\n<p><img loading=\"lazy\" class=\"aligncenter wp-image-2274 lazyloaded\" src=\"https:\/\/www.uepg.br\/wp-content\/uploads\/2019\/09\/a1.jpg\" alt=\"\" width=\"401\" height=\"300\" data-srcset=\"https:\/\/www.uepg.br\/wp-content\/uploads\/2019\/09\/a1.jpg 802w, https:\/\/www.uepg.br\/wp-content\/uploads\/2019\/09\/a1-300x225.jpg 300w, https:\/\/www.uepg.br\/wp-content\/uploads\/2019\/09\/a1-768x576.jpg 768w\" data-src=\"https:\/\/www.uepg.br\/wp-content\/uploads\/2019\/09\/a1.jpg\" \/><img loading=\"lazy\" class=\"aligncenter wp-image-2275 lazyloaded\" src=\"https:\/\/www.uepg.br\/wp-content\/uploads\/2019\/09\/a3.jpg\" alt=\"\" width=\"402\" height=\"361\" data-srcset=\"https:\/\/www.uepg.br\/wp-content\/uploads\/2019\/09\/a3.jpg 670w, https:\/\/www.uepg.br\/wp-content\/uploads\/2019\/09\/a3-300x270.jpg 300w\" data-src=\"https:\/\/www.uepg.br\/wp-content\/uploads\/2019\/09\/a3.jpg\" \/><img loading=\"lazy\" class=\"aligncenter wp-image-2276 lazyloaded\" src=\"https:\/\/www.uepg.br\/wp-content\/uploads\/2019\/09\/a6.jpg\" alt=\"\" width=\"611\" height=\"343\" data-srcset=\"https:\/\/www.uepg.br\/wp-content\/uploads\/2019\/09\/a6.jpg 1198w, https:\/\/www.uepg.br\/wp-content\/uploads\/2019\/09\/a6-300x169.jpg 300w, https:\/\/www.uepg.br\/wp-content\/uploads\/2019\/09\/a6-768x431.jpg 768w, https:\/\/www.uepg.br\/wp-content\/uploads\/2019\/09\/a6-1024x575.jpg 1024w\" data-src=\"https:\/\/www.uepg.br\/wp-content\/uploads\/2019\/09\/a6.jpg\" \/><\/p>\n","protected":false},"excerpt":{"rendered":"<p>Nesta quarta-feira (11), \u00e0s 19h30, a Diretoria de Assuntos Culturais da Proex abre a primeira exposi\u00e7\u00e3o exclusivamente de Cer\u00e2mica realizada em Ponta Grossa: \u201cTerra, Cores e Formas\u201d, na Galeria da Proex. A mostra comemora o anivers\u00e1rio de Ponta Grossa, que completa 196 anos no domingo, 15 de setembro. A exposi\u00e7\u00e3o \u00e9 composta por obras de&nbsp;&hellip;<\/p>\n","protected":false},"author":24,"featured_media":1477,"comment_status":"closed","ping_status":"closed","sticky":false,"template":"","format":"standard","meta":[],"categories":[8],"tags":[],"_links":{"self":[{"href":"https:\/\/www2.uepg.br\/proex\/wp-json\/wp\/v2\/posts\/1475"}],"collection":[{"href":"https:\/\/www2.uepg.br\/proex\/wp-json\/wp\/v2\/posts"}],"about":[{"href":"https:\/\/www2.uepg.br\/proex\/wp-json\/wp\/v2\/types\/post"}],"author":[{"embeddable":true,"href":"https:\/\/www2.uepg.br\/proex\/wp-json\/wp\/v2\/users\/24"}],"replies":[{"embeddable":true,"href":"https:\/\/www2.uepg.br\/proex\/wp-json\/wp\/v2\/comments?post=1475"}],"version-history":[{"count":1,"href":"https:\/\/www2.uepg.br\/proex\/wp-json\/wp\/v2\/posts\/1475\/revisions"}],"predecessor-version":[{"id":1476,"href":"https:\/\/www2.uepg.br\/proex\/wp-json\/wp\/v2\/posts\/1475\/revisions\/1476"}],"wp:featuredmedia":[{"embeddable":true,"href":"https:\/\/www2.uepg.br\/proex\/wp-json\/wp\/v2\/media\/1477"}],"wp:attachment":[{"href":"https:\/\/www2.uepg.br\/proex\/wp-json\/wp\/v2\/media?parent=1475"}],"wp:term":[{"taxonomy":"category","embeddable":true,"href":"https:\/\/www2.uepg.br\/proex\/wp-json\/wp\/v2\/categories?post=1475"},{"taxonomy":"post_tag","embeddable":true,"href":"https:\/\/www2.uepg.br\/proex\/wp-json\/wp\/v2\/tags?post=1475"}],"curies":[{"name":"wp","href":"https:\/\/api.w.org\/{rel}","templated":true}]}}