{"id":1732,"date":"2020-02-27T08:18:22","date_gmt":"2020-02-27T11:18:22","guid":{"rendered":"http:\/\/www2.uepg.br\/proex\/?p=1732"},"modified":"2020-02-27T08:53:46","modified_gmt":"2020-02-27T11:53:46","slug":"inscricoes-abertas-para-o-curso-de-iniciacao-a-lingua-francesa","status":"publish","type":"post","link":"https:\/\/www2.uepg.br\/proex\/inscricoes-abertas-para-o-curso-de-iniciacao-a-lingua-francesa\/","title":{"rendered":"Inscri\u00e7\u00f5es abertas para o curso de inicia\u00e7\u00e3o \u00e0 l\u00edngua francesa"},"content":{"rendered":"<p>Est\u00e3o abertas as inscri\u00e7\u00f5es para o curso intensivo de inicia\u00e7\u00e3o \u00e0 l\u00edngua francesa, pelo &#8220;Programa Paran\u00e1 Fala Idiomas &#8211; Paran\u00e1 Fala Franc\u00eas 2\u00aa etapa&#8221;.<\/p>\n<p>Segue o link de acesso: <a href=\"https:\/\/www2.uepg.br\/parana-fala-idiomas\/editais-pff\/\">https:\/\/www2.uepg.br\/parana-fala-idiomas\/editais-pff\/<\/a><\/p>\n<p>&nbsp;<\/p>\n","protected":false},"excerpt":{"rendered":"<p>Est\u00e3o abertas as inscri\u00e7\u00f5es para o curso intensivo de inicia\u00e7\u00e3o \u00e0 l\u00edngua francesa, pelo &#8220;Programa Paran\u00e1 Fala Idiomas &#8211; Paran\u00e1 Fala Franc\u00eas 2\u00aa etapa&#8221;. Segue o link de acesso: https:\/\/www2.uepg.br\/parana-fala-idiomas\/editais-pff\/ &nbsp;<\/p>\n","protected":false},"author":91,"featured_media":1733,"comment_status":"closed","ping_status":"closed","sticky":false,"template":"","format":"standard","meta":[],"categories":[8],"tags":[],"_links":{"self":[{"href":"https:\/\/www2.uepg.br\/proex\/wp-json\/wp\/v2\/posts\/1732"}],"collection":[{"href":"https:\/\/www2.uepg.br\/proex\/wp-json\/wp\/v2\/posts"}],"about":[{"href":"https:\/\/www2.uepg.br\/proex\/wp-json\/wp\/v2\/types\/post"}],"author":[{"embeddable":true,"href":"https:\/\/www2.uepg.br\/proex\/wp-json\/wp\/v2\/users\/91"}],"replies":[{"embeddable":true,"href":"https:\/\/www2.uepg.br\/proex\/wp-json\/wp\/v2\/comments?post=1732"}],"version-history":[{"count":7,"href":"https:\/\/www2.uepg.br\/proex\/wp-json\/wp\/v2\/posts\/1732\/revisions"}],"predecessor-version":[{"id":1740,"href":"https:\/\/www2.uepg.br\/proex\/wp-json\/wp\/v2\/posts\/1732\/revisions\/1740"}],"wp:featuredmedia":[{"embeddable":true,"href":"https:\/\/www2.uepg.br\/proex\/wp-json\/wp\/v2\/media\/1733"}],"wp:attachment":[{"href":"https:\/\/www2.uepg.br\/proex\/wp-json\/wp\/v2\/media?parent=1732"}],"wp:term":[{"taxonomy":"category","embeddable":true,"href":"https:\/\/www2.uepg.br\/proex\/wp-json\/wp\/v2\/categories?post=1732"},{"taxonomy":"post_tag","embeddable":true,"href":"https:\/\/www2.uepg.br\/proex\/wp-json\/wp\/v2\/tags?post=1732"}],"curies":[{"name":"wp","href":"https:\/\/api.w.org\/{rel}","templated":true}]}}