{"id":1914,"date":"2020-05-04T14:45:13","date_gmt":"2020-05-04T17:45:13","guid":{"rendered":"http:\/\/www2.uepg.br\/proex\/?p=1914"},"modified":"2020-05-21T11:29:13","modified_gmt":"2020-05-21T14:29:13","slug":"editais-de-bolsa-de-extensao-universitaria-proex","status":"publish","type":"post","link":"https:\/\/www2.uepg.br\/proex\/editais-de-bolsa-de-extensao-universitaria-proex\/","title":{"rendered":"Editais de bolsa de extens\u00e3o universit\u00e1ria PROEX"},"content":{"rendered":"<p>A Pr\u00f3-Reitoria de Extens\u00e3o e Assuntos Culturais (PROEX), da Universidade Estadual de Ponta Grossa (UEPG), torna p\u00fablico os <a href=\"https:\/\/www2.uepg.br\/proex\/editais\/#page-content\">Editais<\/a> contendo normas do processo de sele\u00e7\u00e3o de bolsistas do Programa Institucional de Bolsas de Extens\u00e3o Universit\u00e1ria (PIBEX) e o Programa Institucional de Apoio \u00e0 Inclus\u00e3o Social \u2013 Pesquisa e Extens\u00e3o Universit\u00e1ria (PIBIS), conforme aprovado pela Comiss\u00e3o de Assessoramento T\u00e9cnico-Cient\u00edfico (CATEC) da PROEX\/UEPG.<\/p>\n<p>Ambos t\u00eam por finalidade apoiar a participa\u00e7\u00e3o dos alunos em atividades extensionistas, sob a orienta\u00e7\u00e3o de professor extensionista.<\/p>\n<p>As inscri\u00e7\u00f5es iniciar-se-\u00e3o no dia 05 de maio e terminar\u00e3o \u00e0s 12h do dia 25 de maio de 2020, exclusivamente pelo site da UEPG, sendo\u00a0realizadas exclusivamente pelo professor(a) coordenador(a) de programa ou coordenador(a)\/supervisor(a) de projeto de extens\u00e3o.<\/p>\n<p>Para mais informa\u00e7\u00f5es entre em contato com a Se\u00e7\u00e3o de Bolsas de Extens\u00e3o da PROEX pelos telefones (42) 3220-3485, (42) 99809-5394 (L\u00edvia), (42)98404-3972 (\u00c9dina) ou pelo e-mail <a href=\"mailto:bolsasproex@uepg.br\">lmscunha@uepg.br<\/a>.<\/p>\n","protected":false},"excerpt":{"rendered":"<p>A Pr\u00f3-Reitoria de Extens\u00e3o e Assuntos Culturais (PROEX), da Universidade Estadual de Ponta Grossa (UEPG), torna p\u00fablico os Editais contendo normas do processo de sele\u00e7\u00e3o de bolsistas do Programa Institucional de Bolsas de Extens\u00e3o Universit\u00e1ria (PIBEX) e o Programa Institucional de Apoio \u00e0 Inclus\u00e3o Social \u2013 Pesquisa e Extens\u00e3o Universit\u00e1ria (PIBIS), conforme aprovado pela Comiss\u00e3o&nbsp;&hellip;<\/p>\n","protected":false},"author":91,"featured_media":1917,"comment_status":"closed","ping_status":"closed","sticky":false,"template":"","format":"standard","meta":[],"categories":[8],"tags":[],"_links":{"self":[{"href":"https:\/\/www2.uepg.br\/proex\/wp-json\/wp\/v2\/posts\/1914"}],"collection":[{"href":"https:\/\/www2.uepg.br\/proex\/wp-json\/wp\/v2\/posts"}],"about":[{"href":"https:\/\/www2.uepg.br\/proex\/wp-json\/wp\/v2\/types\/post"}],"author":[{"embeddable":true,"href":"https:\/\/www2.uepg.br\/proex\/wp-json\/wp\/v2\/users\/91"}],"replies":[{"embeddable":true,"href":"https:\/\/www2.uepg.br\/proex\/wp-json\/wp\/v2\/comments?post=1914"}],"version-history":[{"count":9,"href":"https:\/\/www2.uepg.br\/proex\/wp-json\/wp\/v2\/posts\/1914\/revisions"}],"predecessor-version":[{"id":1994,"href":"https:\/\/www2.uepg.br\/proex\/wp-json\/wp\/v2\/posts\/1914\/revisions\/1994"}],"wp:featuredmedia":[{"embeddable":true,"href":"https:\/\/www2.uepg.br\/proex\/wp-json\/wp\/v2\/media\/1917"}],"wp:attachment":[{"href":"https:\/\/www2.uepg.br\/proex\/wp-json\/wp\/v2\/media?parent=1914"}],"wp:term":[{"taxonomy":"category","embeddable":true,"href":"https:\/\/www2.uepg.br\/proex\/wp-json\/wp\/v2\/categories?post=1914"},{"taxonomy":"post_tag","embeddable":true,"href":"https:\/\/www2.uepg.br\/proex\/wp-json\/wp\/v2\/tags?post=1914"}],"curies":[{"name":"wp","href":"https:\/\/api.w.org\/{rel}","templated":true}]}}