{"id":1995,"date":"2020-05-21T11:38:06","date_gmt":"2020-05-21T14:38:06","guid":{"rendered":"http:\/\/www2.uepg.br\/proex\/?p=1995"},"modified":"2020-05-21T11:55:59","modified_gmt":"2020-05-21T14:55:59","slug":"ultimos-dias-de-inscricao-para-os-editais-de-bolsas-de-extensao-universitaria","status":"publish","type":"post","link":"https:\/\/www2.uepg.br\/proex\/ultimos-dias-de-inscricao-para-os-editais-de-bolsas-de-extensao-universitaria\/","title":{"rendered":"\u00daltimos dias de inscri\u00e7\u00e3o para os editais de bolsas de extens\u00e3o universit\u00e1ria"},"content":{"rendered":"<p><strong>Prezados coordenadores e supervisores de projetos e programas de extens\u00e3o da UEPG<\/strong><\/p>\n<p>&nbsp;<\/p>\n<p>Pedimos que divulguem para seus pares extensionistas os editais de bolsas de extens\u00e3o universit\u00e1ria que est\u00e3o abertos, <a href=\"https:\/\/www2.uepg.br\/proex\/wp-content\/uploads\/sites\/8\/2020\/05\/EDITAL-PROEX-DEU-21-2020-ABERTURA-PIBIS-1.pdf\">PIBIS<\/a> e <a href=\"https:\/\/www2.uepg.br\/proex\/wp-content\/uploads\/sites\/8\/2020\/05\/EDITAL-PROEX-DEU-22-2020-ABERTURA-PIBEX-1.pdf\">PIBEX<\/a>.<\/p>\n<p><strong>As inscri\u00e7\u00f5es v\u00e3o at\u00e9 o meio dia do dia 25 de maio de 2020, <\/strong>pelo <a href=\"https:\/\/sistemas.uepg.br\/producao\/pro-reitorias\/proex\/propostas\/bolsas_index.php\">link<\/a> .<\/p>\n<p>Estamos trabalhando de forma remota, de segunda a sexta, das 8 \u00e0s 12h e das 13h30min \u00e0s 17h30min.<\/p>\n<p>Por\u00e9m na <strong>pr\u00f3xima sexta (22) e segunda-feira (25), das 8 \u00e0s 12h, estaremos de plant\u00e3o na PROEX para atender d\u00favidas sobre os editais<\/strong>.<\/p>\n<p>Para mais informa\u00e7\u00f5es podem entrar em contato pelos telefones: L\u00edvia (42) 99809-5394, \u00c9dina (42) 98404-3972 ou (42) 3220-3485.<\/p>\n<p>Ou tamb\u00e9m pelo e-mail: lmscunha@uepg.br<\/p>\n<p>&nbsp;<\/p>\n","protected":false},"excerpt":{"rendered":"<p>Prezados coordenadores e supervisores de projetos e programas de extens\u00e3o da UEPG &nbsp; Pedimos que divulguem para seus pares extensionistas os editais de bolsas de extens\u00e3o universit\u00e1ria que est\u00e3o abertos, PIBIS e PIBEX. As inscri\u00e7\u00f5es v\u00e3o at\u00e9 o meio dia do dia 25 de maio de 2020, pelo link . Estamos trabalhando de forma remota,&nbsp;&hellip;<\/p>\n","protected":false},"author":91,"featured_media":1998,"comment_status":"closed","ping_status":"closed","sticky":false,"template":"","format":"standard","meta":[],"categories":[8],"tags":[],"_links":{"self":[{"href":"https:\/\/www2.uepg.br\/proex\/wp-json\/wp\/v2\/posts\/1995"}],"collection":[{"href":"https:\/\/www2.uepg.br\/proex\/wp-json\/wp\/v2\/posts"}],"about":[{"href":"https:\/\/www2.uepg.br\/proex\/wp-json\/wp\/v2\/types\/post"}],"author":[{"embeddable":true,"href":"https:\/\/www2.uepg.br\/proex\/wp-json\/wp\/v2\/users\/91"}],"replies":[{"embeddable":true,"href":"https:\/\/www2.uepg.br\/proex\/wp-json\/wp\/v2\/comments?post=1995"}],"version-history":[{"count":2,"href":"https:\/\/www2.uepg.br\/proex\/wp-json\/wp\/v2\/posts\/1995\/revisions"}],"predecessor-version":[{"id":2000,"href":"https:\/\/www2.uepg.br\/proex\/wp-json\/wp\/v2\/posts\/1995\/revisions\/2000"}],"wp:featuredmedia":[{"embeddable":true,"href":"https:\/\/www2.uepg.br\/proex\/wp-json\/wp\/v2\/media\/1998"}],"wp:attachment":[{"href":"https:\/\/www2.uepg.br\/proex\/wp-json\/wp\/v2\/media?parent=1995"}],"wp:term":[{"taxonomy":"category","embeddable":true,"href":"https:\/\/www2.uepg.br\/proex\/wp-json\/wp\/v2\/categories?post=1995"},{"taxonomy":"post_tag","embeddable":true,"href":"https:\/\/www2.uepg.br\/proex\/wp-json\/wp\/v2\/tags?post=1995"}],"curies":[{"name":"wp","href":"https:\/\/api.w.org\/{rel}","templated":true}]}}