{"id":2001,"date":"2020-05-21T13:40:07","date_gmt":"2020-05-21T16:40:07","guid":{"rendered":"http:\/\/www2.uepg.br\/proex\/?p=2001"},"modified":"2020-07-13T09:57:24","modified_gmt":"2020-07-13T12:57:24","slug":"informacoes-sobre-o-trabalho-remoto-da-deu","status":"publish","type":"post","link":"https:\/\/www2.uepg.br\/proex\/informacoes-sobre-o-trabalho-remoto-da-deu\/","title":{"rendered":"Informa\u00e7\u00f5es sobre o trabalho remoto da DEU"},"content":{"rendered":"<p>A Diretoria de Extens\u00e3o Universit\u00e1ria est\u00e1 trabalhando de <strong>forma remota, de segunda a sexta-feira, das 8 \u00e0s 12h e das 13h30min \u00e0s 17h30min<\/strong>, por\u00e9m em alguns dias da semana cada divis\u00e3o da Diretoria realiza um <strong>plant\u00e3o de atendimento na PROEX. <\/strong>O plant\u00e3o \u00e9 toda<strong> segunda, quarta e sexta-feira, das 8 \u00e0s 12h.<\/strong><\/p>\n<p>Seguem os dias, hor\u00e1rios e contato:<\/p>\n<p>&nbsp;<\/p>\n<ol>\n<li>Divis\u00e3o de programas e projetos &#8211; <strong>Segunda e sexta-feira (plant\u00e3o)<\/strong><\/li>\n<\/ol>\n<p><strong>\u00a0<\/strong>Carmen de F\u00e1tima Guimar\u00e3es<\/p>\n<p>Telefone: 42-3220-3486<\/p>\n<p>E-mail:\u00a0<a href=\"mailto:cfguimaraes@uepg.br\">cfguimaraes@uepg.br<\/a><\/p>\n<p>&nbsp;<\/p>\n<p>2. Se\u00e7\u00e3o de bolsas de extens\u00e3o &#8211; <strong>Segunda e quarta-feira (plant\u00e3o)<\/strong><\/p>\n<p>L\u00edvia Maria da Silva Cunha<\/p>\n<p>Telefone: (42) 3220-3485<\/p>\n<p>E-mail: lmscunha@uepg.br ou bolsasproex@uepg.br<\/p>\n<p>&nbsp;<\/p>\n<p>3. Divis\u00e3o de cursos e eventos &#8211;<strong>Quarta e sexta-feira (plant\u00e3o)<\/strong><\/p>\n<p>Janice Aparecida Mielke Pestun<\/p>\n<p>Telefones: (42) 3220-3487<\/p>\n<p>E-mail:\u00a0<a href=\"mailto:cursos.eventos@uepg.br\">cursos.eventos@uepg.br<\/a><\/p>\n","protected":false},"excerpt":{"rendered":"<p>A Diretoria de Extens\u00e3o Universit\u00e1ria est\u00e1 trabalhando de forma remota, de segunda a sexta-feira, das 8 \u00e0s 12h e das 13h30min \u00e0s 17h30min, por\u00e9m em alguns dias da semana cada divis\u00e3o da Diretoria realiza um plant\u00e3o de atendimento na PROEX. O plant\u00e3o \u00e9 toda segunda, quarta e sexta-feira, das 8 \u00e0s 12h. Seguem os dias,&nbsp;&hellip;<\/p>\n","protected":false},"author":91,"featured_media":2002,"comment_status":"closed","ping_status":"closed","sticky":false,"template":"","format":"standard","meta":[],"categories":[8],"tags":[],"_links":{"self":[{"href":"https:\/\/www2.uepg.br\/proex\/wp-json\/wp\/v2\/posts\/2001"}],"collection":[{"href":"https:\/\/www2.uepg.br\/proex\/wp-json\/wp\/v2\/posts"}],"about":[{"href":"https:\/\/www2.uepg.br\/proex\/wp-json\/wp\/v2\/types\/post"}],"author":[{"embeddable":true,"href":"https:\/\/www2.uepg.br\/proex\/wp-json\/wp\/v2\/users\/91"}],"replies":[{"embeddable":true,"href":"https:\/\/www2.uepg.br\/proex\/wp-json\/wp\/v2\/comments?post=2001"}],"version-history":[{"count":5,"href":"https:\/\/www2.uepg.br\/proex\/wp-json\/wp\/v2\/posts\/2001\/revisions"}],"predecessor-version":[{"id":2160,"href":"https:\/\/www2.uepg.br\/proex\/wp-json\/wp\/v2\/posts\/2001\/revisions\/2160"}],"wp:featuredmedia":[{"embeddable":true,"href":"https:\/\/www2.uepg.br\/proex\/wp-json\/wp\/v2\/media\/2002"}],"wp:attachment":[{"href":"https:\/\/www2.uepg.br\/proex\/wp-json\/wp\/v2\/media?parent=2001"}],"wp:term":[{"taxonomy":"category","embeddable":true,"href":"https:\/\/www2.uepg.br\/proex\/wp-json\/wp\/v2\/categories?post=2001"},{"taxonomy":"post_tag","embeddable":true,"href":"https:\/\/www2.uepg.br\/proex\/wp-json\/wp\/v2\/tags?post=2001"}],"curies":[{"name":"wp","href":"https:\/\/api.w.org\/{rel}","templated":true}]}}