{"id":2013,"date":"2020-05-22T14:09:33","date_gmt":"2020-05-22T17:09:33","guid":{"rendered":"http:\/\/www2.uepg.br\/proex\/?p=2013"},"modified":"2020-05-22T14:10:13","modified_gmt":"2020-05-22T17:10:13","slug":"prorrogadas-as-inscricoes-para-os-editais-de-bolsas-de-extensao-universitaria-pibex-e-pibis","status":"publish","type":"post","link":"https:\/\/www2.uepg.br\/proex\/prorrogadas-as-inscricoes-para-os-editais-de-bolsas-de-extensao-universitaria-pibex-e-pibis\/","title":{"rendered":"Prorrogadas as inscri\u00e7\u00f5es para os editais de bolsas de extens\u00e3o universit\u00e1ria PIBEX e PIBIS"},"content":{"rendered":"<p>As inscri\u00e7\u00f5es para o Programa Institucional de Bolsas de Extens\u00e3o Universit\u00e1ria (<a href=\"https:\/\/www2.uepg.br\/\/proex\/wp-content\/uploads\/sites\/8\/2020\/05\/Edital-34-2020-PRORROGA%c3%87%c3%83O.pdf\">PIBEX<\/a>) e Programa Institucional de Apoio \u00e0 Inclus\u00e3o Social \u2013 Pesquisa e Extens\u00e3o Universit\u00e1ria (<a href=\"https:\/\/www2.uepg.br\/\/proex\/wp-content\/uploads\/sites\/8\/2020\/05\/Edital-33-2020-PRORROGA%c3%87%c3%83O.pdf\">PIBIS<\/a>) foram prorrogadas <strong>at\u00e9 o meio dia do dia 01.06.2020<\/strong>.<\/p>\n<p>As inscri\u00e7\u00f5es devem ser realizadas atrav\u00e9s do <a href=\"https:\/\/sistemas.uepg.br\/producao\/pro-reitorias\/proex\/propostas\/bolsas_index.php\">link<\/a> .<\/p>\n<p>Para mais informa\u00e7\u00f5es acesse os Editais ou entre em contato com a Divis\u00e3o de Bolsas de Extens\u00e3o Universit\u00e1ria da PROEX, atrav\u00e9s dos telefones: (42)3220-3485, (42)99809-5394 (L\u00edvia), (42) 98404-3972 (\u00c9dina) ou pelo e-mail <a href=\"mailto:lmscunha@uepg.br\">lmscunha@uepg.br<\/a>.<\/p>\n","protected":false},"excerpt":{"rendered":"<p>As inscri\u00e7\u00f5es para o Programa Institucional de Bolsas de Extens\u00e3o Universit\u00e1ria (PIBEX) e Programa Institucional de Apoio \u00e0 Inclus\u00e3o Social \u2013 Pesquisa e Extens\u00e3o Universit\u00e1ria (PIBIS) foram prorrogadas at\u00e9 o meio dia do dia 01.06.2020. As inscri\u00e7\u00f5es devem ser realizadas atrav\u00e9s do link . Para mais informa\u00e7\u00f5es acesse os Editais ou entre em contato com&nbsp;&hellip;<\/p>\n","protected":false},"author":91,"featured_media":1998,"comment_status":"closed","ping_status":"closed","sticky":false,"template":"","format":"standard","meta":[],"categories":[8],"tags":[],"_links":{"self":[{"href":"https:\/\/www2.uepg.br\/proex\/wp-json\/wp\/v2\/posts\/2013"}],"collection":[{"href":"https:\/\/www2.uepg.br\/proex\/wp-json\/wp\/v2\/posts"}],"about":[{"href":"https:\/\/www2.uepg.br\/proex\/wp-json\/wp\/v2\/types\/post"}],"author":[{"embeddable":true,"href":"https:\/\/www2.uepg.br\/proex\/wp-json\/wp\/v2\/users\/91"}],"replies":[{"embeddable":true,"href":"https:\/\/www2.uepg.br\/proex\/wp-json\/wp\/v2\/comments?post=2013"}],"version-history":[{"count":1,"href":"https:\/\/www2.uepg.br\/proex\/wp-json\/wp\/v2\/posts\/2013\/revisions"}],"predecessor-version":[{"id":2014,"href":"https:\/\/www2.uepg.br\/proex\/wp-json\/wp\/v2\/posts\/2013\/revisions\/2014"}],"wp:featuredmedia":[{"embeddable":true,"href":"https:\/\/www2.uepg.br\/proex\/wp-json\/wp\/v2\/media\/1998"}],"wp:attachment":[{"href":"https:\/\/www2.uepg.br\/proex\/wp-json\/wp\/v2\/media?parent=2013"}],"wp:term":[{"taxonomy":"category","embeddable":true,"href":"https:\/\/www2.uepg.br\/proex\/wp-json\/wp\/v2\/categories?post=2013"},{"taxonomy":"post_tag","embeddable":true,"href":"https:\/\/www2.uepg.br\/proex\/wp-json\/wp\/v2\/tags?post=2013"}],"curies":[{"name":"wp","href":"https:\/\/api.w.org\/{rel}","templated":true}]}}