{"id":2105,"date":"2020-06-12T14:25:00","date_gmt":"2020-06-12T17:25:00","guid":{"rendered":"http:\/\/www2.uepg.br\/proex\/?p=2105"},"modified":"2023-01-09T11:42:59","modified_gmt":"2023-01-09T14:42:59","slug":"manejo-da-infeccao-pelo-novo-coronavirus","status":"publish","type":"post","link":"https:\/\/www2.uepg.br\/proex\/manejo-da-infeccao-pelo-novo-coronavirus\/","title":{"rendered":"MANEJO DA INFEC\u00c7\u00c3O PELO NOVO CORONAV\u00cdRUS"},"content":{"rendered":"<p>Acesse o e-book: <a href=\"https:\/\/www2.uepg.br\/proex\/wp-content\/uploads\/sites\/8\/2020\/06\/Manejo-da-infec\u00e7\u00e3o.pdf\">MANEJO DA INFEC\u00c7\u00c3O PELO NOVO CORONAV\u00cdRUS: da aten\u00e7\u00e3o prim\u00e1ria aos servi\u00e7os hospitalares<\/a><\/p>\n","protected":false},"excerpt":{"rendered":"<p>Acesse o e-book: MANEJO DA INFEC\u00c7\u00c3O PELO NOVO CORONAV\u00cdRUS: da aten\u00e7\u00e3o prim\u00e1ria aos servi\u00e7os hospitalares<\/p>\n","protected":false},"author":91,"featured_media":6958,"comment_status":"closed","ping_status":"closed","sticky":false,"template":"","format":"standard","meta":[],"categories":[19],"tags":[],"_links":{"self":[{"href":"https:\/\/www2.uepg.br\/proex\/wp-json\/wp\/v2\/posts\/2105"}],"collection":[{"href":"https:\/\/www2.uepg.br\/proex\/wp-json\/wp\/v2\/posts"}],"about":[{"href":"https:\/\/www2.uepg.br\/proex\/wp-json\/wp\/v2\/types\/post"}],"author":[{"embeddable":true,"href":"https:\/\/www2.uepg.br\/proex\/wp-json\/wp\/v2\/users\/91"}],"replies":[{"embeddable":true,"href":"https:\/\/www2.uepg.br\/proex\/wp-json\/wp\/v2\/comments?post=2105"}],"version-history":[{"count":1,"href":"https:\/\/www2.uepg.br\/proex\/wp-json\/wp\/v2\/posts\/2105\/revisions"}],"predecessor-version":[{"id":2108,"href":"https:\/\/www2.uepg.br\/proex\/wp-json\/wp\/v2\/posts\/2105\/revisions\/2108"}],"wp:featuredmedia":[{"embeddable":true,"href":"https:\/\/www2.uepg.br\/proex\/wp-json\/wp\/v2\/media\/6958"}],"wp:attachment":[{"href":"https:\/\/www2.uepg.br\/proex\/wp-json\/wp\/v2\/media?parent=2105"}],"wp:term":[{"taxonomy":"category","embeddable":true,"href":"https:\/\/www2.uepg.br\/proex\/wp-json\/wp\/v2\/categories?post=2105"},{"taxonomy":"post_tag","embeddable":true,"href":"https:\/\/www2.uepg.br\/proex\/wp-json\/wp\/v2\/tags?post=2105"}],"curies":[{"name":"wp","href":"https:\/\/api.w.org\/{rel}","templated":true}]}}