{"id":2148,"date":"2020-07-06T15:06:03","date_gmt":"2020-07-06T18:06:03","guid":{"rendered":"http:\/\/www2.uepg.br\/proex\/?p=2148"},"modified":"2022-12-20T10:50:33","modified_gmt":"2022-12-20T13:50:33","slug":"sars-cov-2-e-a-covid-19","status":"publish","type":"post","link":"https:\/\/www2.uepg.br\/proex\/sars-cov-2-e-a-covid-19\/","title":{"rendered":"SARS-COV-2 e a COVID-19"},"content":{"rendered":"<p>Acesse o e-book: <a href=\"https:\/\/www2.uepg.br\/proex\/wp-content\/uploads\/sites\/8\/2020\/07\/Aspectos-patol\u00f3gicos06-07.pdf\">SARS-COV-2 e a COVID-19: o v\u00edrus, seus aspectos patol\u00f3gicos e suas manifesta\u00e7\u00f5es respirat\u00f3rias e extrapulmonares<\/a><\/p>\n","protected":false},"excerpt":{"rendered":"<p>Acesse o e-book: SARS-COV-2 e a COVID-19: o v\u00edrus, seus aspectos patol\u00f3gicos e suas manifesta\u00e7\u00f5es respirat\u00f3rias e extrapulmonares<\/p>\n","protected":false},"author":91,"featured_media":6956,"comment_status":"closed","ping_status":"closed","sticky":false,"template":"","format":"standard","meta":[],"categories":[19],"tags":[],"_links":{"self":[{"href":"https:\/\/www2.uepg.br\/proex\/wp-json\/wp\/v2\/posts\/2148"}],"collection":[{"href":"https:\/\/www2.uepg.br\/proex\/wp-json\/wp\/v2\/posts"}],"about":[{"href":"https:\/\/www2.uepg.br\/proex\/wp-json\/wp\/v2\/types\/post"}],"author":[{"embeddable":true,"href":"https:\/\/www2.uepg.br\/proex\/wp-json\/wp\/v2\/users\/91"}],"replies":[{"embeddable":true,"href":"https:\/\/www2.uepg.br\/proex\/wp-json\/wp\/v2\/comments?post=2148"}],"version-history":[{"count":3,"href":"https:\/\/www2.uepg.br\/proex\/wp-json\/wp\/v2\/posts\/2148\/revisions"}],"predecessor-version":[{"id":2154,"href":"https:\/\/www2.uepg.br\/proex\/wp-json\/wp\/v2\/posts\/2148\/revisions\/2154"}],"wp:featuredmedia":[{"embeddable":true,"href":"https:\/\/www2.uepg.br\/proex\/wp-json\/wp\/v2\/media\/6956"}],"wp:attachment":[{"href":"https:\/\/www2.uepg.br\/proex\/wp-json\/wp\/v2\/media?parent=2148"}],"wp:term":[{"taxonomy":"category","embeddable":true,"href":"https:\/\/www2.uepg.br\/proex\/wp-json\/wp\/v2\/categories?post=2148"},{"taxonomy":"post_tag","embeddable":true,"href":"https:\/\/www2.uepg.br\/proex\/wp-json\/wp\/v2\/tags?post=2148"}],"curies":[{"name":"wp","href":"https:\/\/api.w.org\/{rel}","templated":true}]}}