{"id":3410,"date":"2020-11-10T14:06:24","date_gmt":"2020-11-10T17:06:24","guid":{"rendered":"http:\/\/www2.uepg.br\/proex\/?p=3410"},"modified":"2020-11-10T16:10:30","modified_gmt":"2020-11-10T19:10:30","slug":"abertura-das-inscricoes-para-o-programa-de-bolsas-da-uepg","status":"publish","type":"post","link":"https:\/\/www2.uepg.br\/proex\/abertura-das-inscricoes-para-o-programa-de-bolsas-da-uepg\/","title":{"rendered":"Abertura das inscri\u00e7\u00f5es para o Programa de bolsas de extens\u00e3o da PROEX\/UEPG"},"content":{"rendered":"<p>A Pr\u00f3-Reitoria de Extens\u00e3o e Assuntos Culturais (PROEX), da Universidade Estadual de Ponta Grossa (UEPG), torna p\u00fablico o\u00a0<a href=\"https:\/\/www2.uepg.br\/proex\/wp-content\/uploads\/sites\/8\/2020\/11\/Edital-proex-deu-n-96-2020.pdf\"><u>Edital<\/u><\/a> do processo de sele\u00e7\u00e3o de bolsistas para o Programa de Bolsas de Extens\u00e3o Universit\u00e1ria PROEX\/UEPG.<\/p>\n<p>Este tem por finalidade apoiar a participa\u00e7\u00e3o dos alunos em atividades extensionistas, sob a orienta\u00e7\u00e3o de professor extensionista.<\/p>\n<p>As inscri\u00e7\u00f5es iniciar-se-\u00e3o no dia 10\u00a0de novembro\u00a0e terminar\u00e3o \u00e0s 23:59\u00a0do dia 25 de novembro\u00a0de 2020, exclusivamente pelo site da UEPG, sendo\u00a0realizadas exclusivamente pelo professor(a) coordenador(a) de programa ou coordenador(a)\/supervisor(a) de projeto de extens\u00e3o.<\/p>\n<p>Para mais informa\u00e7\u00f5es entre em contato com a Se\u00e7\u00e3o de Bolsas de Extens\u00e3o da PROEX pelo telefone (42) 3220-3488 ou entre em contato pelo &#8220;FALE CONOSCO&#8221; no sistema de inscri\u00e7\u00f5es.<\/p>\n<p>&nbsp;<\/p>\n","protected":false},"excerpt":{"rendered":"<p>A Pr\u00f3-Reitoria de Extens\u00e3o e Assuntos Culturais (PROEX), da Universidade Estadual de Ponta Grossa (UEPG), torna p\u00fablico o\u00a0Edital do processo de sele\u00e7\u00e3o de bolsistas para o Programa de Bolsas de Extens\u00e3o Universit\u00e1ria PROEX\/UEPG. Este tem por finalidade apoiar a participa\u00e7\u00e3o dos alunos em atividades extensionistas, sob a orienta\u00e7\u00e3o de professor extensionista. As inscri\u00e7\u00f5es iniciar-se-\u00e3o no&nbsp;&hellip;<\/p>\n","protected":false},"author":254,"featured_media":3411,"comment_status":"closed","ping_status":"closed","sticky":false,"template":"","format":"standard","meta":[],"categories":[8],"tags":[],"_links":{"self":[{"href":"https:\/\/www2.uepg.br\/proex\/wp-json\/wp\/v2\/posts\/3410"}],"collection":[{"href":"https:\/\/www2.uepg.br\/proex\/wp-json\/wp\/v2\/posts"}],"about":[{"href":"https:\/\/www2.uepg.br\/proex\/wp-json\/wp\/v2\/types\/post"}],"author":[{"embeddable":true,"href":"https:\/\/www2.uepg.br\/proex\/wp-json\/wp\/v2\/users\/254"}],"replies":[{"embeddable":true,"href":"https:\/\/www2.uepg.br\/proex\/wp-json\/wp\/v2\/comments?post=3410"}],"version-history":[{"count":5,"href":"https:\/\/www2.uepg.br\/proex\/wp-json\/wp\/v2\/posts\/3410\/revisions"}],"predecessor-version":[{"id":3430,"href":"https:\/\/www2.uepg.br\/proex\/wp-json\/wp\/v2\/posts\/3410\/revisions\/3430"}],"wp:featuredmedia":[{"embeddable":true,"href":"https:\/\/www2.uepg.br\/proex\/wp-json\/wp\/v2\/media\/3411"}],"wp:attachment":[{"href":"https:\/\/www2.uepg.br\/proex\/wp-json\/wp\/v2\/media?parent=3410"}],"wp:term":[{"taxonomy":"category","embeddable":true,"href":"https:\/\/www2.uepg.br\/proex\/wp-json\/wp\/v2\/categories?post=3410"},{"taxonomy":"post_tag","embeddable":true,"href":"https:\/\/www2.uepg.br\/proex\/wp-json\/wp\/v2\/tags?post=3410"}],"curies":[{"name":"wp","href":"https:\/\/api.w.org\/{rel}","templated":true}]}}