{"id":3846,"date":"2021-05-24T10:36:22","date_gmt":"2021-05-24T13:36:22","guid":{"rendered":"https:\/\/www2.uepg.br\/proex\/?p=3846"},"modified":"2021-05-25T09:01:02","modified_gmt":"2021-05-25T12:01:02","slug":"ciclo-de-debates-sobre-a-curricularizacao-da-extensao","status":"publish","type":"post","link":"https:\/\/www2.uepg.br\/proex\/ciclo-de-debates-sobre-a-curricularizacao-da-extensao\/","title":{"rendered":"Ciclo de Debates Sobre a Curriculariza\u00e7\u00e3o da Extens\u00e3o"},"content":{"rendered":"<p>A PROEX e a PROGRAD\u00a0 convidam para o Ciclo de Debates Sobre a Curriculariza\u00e7\u00e3o da Extens\u00e3o, que ser\u00e1 realizado atrav\u00e9s da plataforma Moodle do NUTEAD e live no Youtube da UEPG, nos dias:<\/p>\n<ul>\n<li>25\/05 \u00e0s 9h: Profa. Sandra de F\u00e1tima Batista de Deus &#8211; UFRGS<\/li>\n<\/ul>\n<p>Apresenta\u00e7\u00e3o Cultural: Coro em Cores sob a Coordena\u00e7\u00e3o e Reg\u00eancia da Profa. Ma. Carla Roggenkamp<\/p>\n<ul>\n<li>22\/06 \u00e0s 9h: Prof. Etevaldo Almeida Silva &#8211; UERN<\/li>\n<\/ul>\n<p>Apresenta\u00e7\u00e3o Cultural: V\u00eddeo &#8220;Trajet\u00f3rias da Extens\u00e3o Universit\u00e1ria&#8221; &#8211; Museu Campos Gerais<\/p>\n<ul>\n<li>20\/07 \u00e0s 9h: Equipe PROEX-PROGRAD<\/li>\n<\/ul>\n<p>Apresenta\u00e7\u00e3o Cultural: Coro Juvenil da UEPG (Educanto), sob a Reg\u00eancia da Profa. Ma. Suelen Galdino e Coordena\u00e7\u00e3o do Prof. Dr. Ronaldo da Silva<\/p>\n<p>&nbsp;<\/p>\n<p style=\"text-align: center\">Acesse pelo link do <a href=\"https:\/\/youtu.be\/Y2l9tT0xeF0\">Youtube<\/a><\/p>\n","protected":false},"excerpt":{"rendered":"<p>A PROEX e a PROGRAD\u00a0 convidam para o Ciclo de Debates Sobre a Curriculariza\u00e7\u00e3o da Extens\u00e3o, que ser\u00e1 realizado atrav\u00e9s da plataforma Moodle do NUTEAD e live no Youtube da UEPG, nos dias: 25\/05 \u00e0s 9h: Profa. Sandra de F\u00e1tima Batista de Deus &#8211; UFRGS Apresenta\u00e7\u00e3o Cultural: Coro em Cores sob a Coordena\u00e7\u00e3o e Reg\u00eancia&nbsp;&hellip;<\/p>\n","protected":false},"author":91,"featured_media":3847,"comment_status":"closed","ping_status":"closed","sticky":false,"template":"","format":"standard","meta":[],"categories":[8],"tags":[],"_links":{"self":[{"href":"https:\/\/www2.uepg.br\/proex\/wp-json\/wp\/v2\/posts\/3846"}],"collection":[{"href":"https:\/\/www2.uepg.br\/proex\/wp-json\/wp\/v2\/posts"}],"about":[{"href":"https:\/\/www2.uepg.br\/proex\/wp-json\/wp\/v2\/types\/post"}],"author":[{"embeddable":true,"href":"https:\/\/www2.uepg.br\/proex\/wp-json\/wp\/v2\/users\/91"}],"replies":[{"embeddable":true,"href":"https:\/\/www2.uepg.br\/proex\/wp-json\/wp\/v2\/comments?post=3846"}],"version-history":[{"count":3,"href":"https:\/\/www2.uepg.br\/proex\/wp-json\/wp\/v2\/posts\/3846\/revisions"}],"predecessor-version":[{"id":3851,"href":"https:\/\/www2.uepg.br\/proex\/wp-json\/wp\/v2\/posts\/3846\/revisions\/3851"}],"wp:featuredmedia":[{"embeddable":true,"href":"https:\/\/www2.uepg.br\/proex\/wp-json\/wp\/v2\/media\/3847"}],"wp:attachment":[{"href":"https:\/\/www2.uepg.br\/proex\/wp-json\/wp\/v2\/media?parent=3846"}],"wp:term":[{"taxonomy":"category","embeddable":true,"href":"https:\/\/www2.uepg.br\/proex\/wp-json\/wp\/v2\/categories?post=3846"},{"taxonomy":"post_tag","embeddable":true,"href":"https:\/\/www2.uepg.br\/proex\/wp-json\/wp\/v2\/tags?post=3846"}],"curies":[{"name":"wp","href":"https:\/\/api.w.org\/{rel}","templated":true}]}}