{"id":3955,"date":"2021-06-14T09:30:25","date_gmt":"2021-06-14T12:30:25","guid":{"rendered":"https:\/\/www2.uepg.br\/proex\/?p=3955"},"modified":"2021-06-14T09:39:15","modified_gmt":"2021-06-14T12:39:15","slug":"abertura-das-inscricoes-para-os-editais-pibis-e-pibex","status":"publish","type":"post","link":"https:\/\/www2.uepg.br\/proex\/abertura-das-inscricoes-para-os-editais-pibis-e-pibex\/","title":{"rendered":"Abertura das inscri\u00e7\u00f5es para os Editais PIBIS e PIBEX"},"content":{"rendered":"<p>A Pr\u00f3-Reitoria de Extens\u00e3o e Assuntos Culturais (PROEX)\u00a0 por meio da Diretoria de Extens\u00e3o Universit\u00e1ria (DEU) tornou p\u00fablico no dia 11 de junho a abertura das inscri\u00e7\u00f5es do processo de sele\u00e7\u00e3o de bolsas do Programa Institucional de Bolsas de Extens\u00e3o Universit\u00e1ria (<a href=\"https:\/\/www2.uepg.br\/proex\/wp-content\/uploads\/sites\/8\/2021\/06\/EDITAL-PROEX-DEU-03-2021-EDITAL-DE-ABERTURA-DO-PROGRAMA-INSTITUCIONAL-DE-BOLSAS-DE-EXTENSAO-UNIVERSITARIA-1.pdf\">PIBEX<\/a>) e do Programa Institucional de Apoio \u00e0 Inclus\u00e3o Social, Pesquisa e Extens\u00e3o Universit\u00e1ria (<a href=\"https:\/\/www2.uepg.br\/proex\/wp-content\/uploads\/sites\/8\/2021\/06\/EDITAL-PROEX-DEU-04-2021-EDITAL-DE-ABERTURA-DO-PROGRAMA-INSTITUCIONAL-DE-APOIO-A-INCLUSAO-SOCIAL-PESQUISA-E-EXTENSAO-1.pdf\">PIBIS<\/a>).<\/p>\n<p>Sua principal finalidade \u00e9 apoiar a participa\u00e7\u00e3o dos alunos em atividade extensionista, sob a orienta\u00e7\u00e3o de professores(as) Coordenadores(as) de Programas ou Coordenadores(as)\/Supervisores(as) de Projetos de Extens\u00e3o.<\/p>\n<p>As inscri\u00e7\u00f5es terminar\u00e3o no dia 23 de junho de 2021, sendo realizada exclusivamente pelo <a href=\"https:\/\/sistemas.uepg.br\/producao\/pro-reitorias\/proex\/propostas\/bolsas_index.php\">site<\/a> da UEPG.<\/p>\n<p>Foi disponibilizado no site da PROEX um <a href=\"https:\/\/drive.google.com\/file\/d\/1lJLmr0fz4EsIpMOvPmlT31gNiL_dNODk\/view\">v\u00eddeo<\/a> para auxiliar os Professores que desejam realizar as inscri\u00e7\u00f5es. Ele tem o objetivo de mostrar as mudan\u00e7as que ocorreram nos Editais e no Sistema de Bolsas\u00a0 de Extens\u00e3o (SISBEX).<\/p>\n<p>Para mais informa\u00e7\u00f5es entre em contato com a Se\u00e7\u00e3o de bolsas de extens\u00e3o da PROEX pelo telefone (42) 3220-3488, pelo e-mail lmscunha@uepg.br ou atrav\u00e9s do \u201cFALE CONOSCO\u201d no SISBEX.<\/p>\n","protected":false},"excerpt":{"rendered":"<p>A Pr\u00f3-Reitoria de Extens\u00e3o e Assuntos Culturais (PROEX)\u00a0 por meio da Diretoria de Extens\u00e3o Universit\u00e1ria (DEU) tornou p\u00fablico no dia 11 de junho a abertura das inscri\u00e7\u00f5es do processo de sele\u00e7\u00e3o de bolsas do Programa Institucional de Bolsas de Extens\u00e3o Universit\u00e1ria (PIBEX) e do Programa Institucional de Apoio \u00e0 Inclus\u00e3o Social, Pesquisa e Extens\u00e3o Universit\u00e1ria&nbsp;&hellip;<\/p>\n","protected":false},"author":91,"featured_media":3956,"comment_status":"closed","ping_status":"closed","sticky":false,"template":"","format":"standard","meta":[],"categories":[8],"tags":[],"_links":{"self":[{"href":"https:\/\/www2.uepg.br\/proex\/wp-json\/wp\/v2\/posts\/3955"}],"collection":[{"href":"https:\/\/www2.uepg.br\/proex\/wp-json\/wp\/v2\/posts"}],"about":[{"href":"https:\/\/www2.uepg.br\/proex\/wp-json\/wp\/v2\/types\/post"}],"author":[{"embeddable":true,"href":"https:\/\/www2.uepg.br\/proex\/wp-json\/wp\/v2\/users\/91"}],"replies":[{"embeddable":true,"href":"https:\/\/www2.uepg.br\/proex\/wp-json\/wp\/v2\/comments?post=3955"}],"version-history":[{"count":5,"href":"https:\/\/www2.uepg.br\/proex\/wp-json\/wp\/v2\/posts\/3955\/revisions"}],"predecessor-version":[{"id":3961,"href":"https:\/\/www2.uepg.br\/proex\/wp-json\/wp\/v2\/posts\/3955\/revisions\/3961"}],"wp:featuredmedia":[{"embeddable":true,"href":"https:\/\/www2.uepg.br\/proex\/wp-json\/wp\/v2\/media\/3956"}],"wp:attachment":[{"href":"https:\/\/www2.uepg.br\/proex\/wp-json\/wp\/v2\/media?parent=3955"}],"wp:term":[{"taxonomy":"category","embeddable":true,"href":"https:\/\/www2.uepg.br\/proex\/wp-json\/wp\/v2\/categories?post=3955"},{"taxonomy":"post_tag","embeddable":true,"href":"https:\/\/www2.uepg.br\/proex\/wp-json\/wp\/v2\/tags?post=3955"}],"curies":[{"name":"wp","href":"https:\/\/api.w.org\/{rel}","templated":true}]}}