{"id":3976,"date":"2021-06-16T11:28:23","date_gmt":"2021-06-16T14:28:23","guid":{"rendered":"https:\/\/www2.uepg.br\/proex\/?p=3976"},"modified":"2021-06-16T11:34:26","modified_gmt":"2021-06-16T14:34:26","slug":"segundo-encontro-ciclo-de-debates-sobre-a-curricularizacao-da-extensao","status":"publish","type":"post","link":"https:\/\/www2.uepg.br\/proex\/segundo-encontro-ciclo-de-debates-sobre-a-curricularizacao-da-extensao\/","title":{"rendered":"Segundo Encontro Ciclo de Debates Sobre a Curriculariza\u00e7\u00e3o da Extens\u00e3o"},"content":{"rendered":"<p>&nbsp;<\/p>\n<p style=\"text-align: center\">Acesse pelo link do <a href=\"https:\/\/www.youtube.com\/watch?v=PHFHpF5ZeaA\">Youtube<\/a><\/p>\n","protected":false},"excerpt":{"rendered":"<p>&nbsp; Acesse pelo link do Youtube<\/p>\n","protected":false},"author":367,"featured_media":3977,"comment_status":"closed","ping_status":"closed","sticky":false,"template":"","format":"standard","meta":[],"categories":[8],"tags":[],"_links":{"self":[{"href":"https:\/\/www2.uepg.br\/proex\/wp-json\/wp\/v2\/posts\/3976"}],"collection":[{"href":"https:\/\/www2.uepg.br\/proex\/wp-json\/wp\/v2\/posts"}],"about":[{"href":"https:\/\/www2.uepg.br\/proex\/wp-json\/wp\/v2\/types\/post"}],"author":[{"embeddable":true,"href":"https:\/\/www2.uepg.br\/proex\/wp-json\/wp\/v2\/users\/367"}],"replies":[{"embeddable":true,"href":"https:\/\/www2.uepg.br\/proex\/wp-json\/wp\/v2\/comments?post=3976"}],"version-history":[{"count":3,"href":"https:\/\/www2.uepg.br\/proex\/wp-json\/wp\/v2\/posts\/3976\/revisions"}],"predecessor-version":[{"id":3980,"href":"https:\/\/www2.uepg.br\/proex\/wp-json\/wp\/v2\/posts\/3976\/revisions\/3980"}],"wp:featuredmedia":[{"embeddable":true,"href":"https:\/\/www2.uepg.br\/proex\/wp-json\/wp\/v2\/media\/3977"}],"wp:attachment":[{"href":"https:\/\/www2.uepg.br\/proex\/wp-json\/wp\/v2\/media?parent=3976"}],"wp:term":[{"taxonomy":"category","embeddable":true,"href":"https:\/\/www2.uepg.br\/proex\/wp-json\/wp\/v2\/categories?post=3976"},{"taxonomy":"post_tag","embeddable":true,"href":"https:\/\/www2.uepg.br\/proex\/wp-json\/wp\/v2\/tags?post=3976"}],"curies":[{"name":"wp","href":"https:\/\/api.w.org\/{rel}","templated":true}]}}