{"id":4001,"date":"2021-06-29T09:49:12","date_gmt":"2021-06-29T12:49:12","guid":{"rendered":"https:\/\/www2.uepg.br\/proex\/?p=4001"},"modified":"2021-06-29T10:34:34","modified_gmt":"2021-06-29T13:34:34","slug":"videos-de-praticas-extensionistas-1a-edicao","status":"publish","type":"post","link":"https:\/\/www2.uepg.br\/proex\/videos-de-praticas-extensionistas-1a-edicao\/","title":{"rendered":"Evento de Pr\u00e1ticas Extensionistas"},"content":{"rendered":"<p style=\"font-weight: 400\">A Diretoria de Extens\u00e3o Universit\u00e1ria (DEU) da Pr\u00f3-Reitoria de Extens\u00e3o e Assuntos Culturais (PROEX) da Universidade Estadual de Ponta Grossa (UEPG) convida Programas e Projetos de Extens\u00e3o a enviarem v\u00eddeos sobre suas Pr\u00e1ticas Extensionistas.<\/p>\n<p style=\"font-weight: 400\">O evento \u201cPr\u00e1ticas Extensionistas dos Programas\/Projetos da PROEX\/UEPG: um di\u00e1logo com a comunidade 1\u00aa edi\u00e7\u00e3o\u201d teve in\u00edcio no dia 25 de junho e visa incentivar, divulgar e promover a troca de experi\u00eancias das pr\u00e1ticas extensionistas dos professores e acad\u00eamicos extensionistas, vinculados \u00e0 PROEX da UEPG, com a comunidade externa.<\/p>\n<p style=\"font-weight: 400\">Foi disponibilizado no site da PROEX um\u00a0<a href=\"https:\/\/drive.google.com\/file\/d\/1M_WtBkm4M4fldZvyQFIcofTbYKkmzYVA\/view?usp=sharing\">v\u00eddeo<\/a> convite do evento. Para participar, os professores coordenadores e\/ou supervisores de atividades extensionistas dever\u00e3o preencher o <a href=\"https:\/\/docs.google.com\/forms\/d\/1HXmFKtVqMR0dC-q-7V2pwEP_v-0EJrKZousQRbsC-QU\/edit\" data-saferedirecturl=\"https:\/\/www.google.com\/url?q=https:\/\/docs.google.com\/forms\/d\/1HXmFKtVqMR0dC-q-7V2pwEP_v-0EJrKZousQRbsC-QU\/edit&amp;source=gmail&amp;ust=1625054697726000&amp;usg=AFQjCNHzPRLVllYbc6Z-KnOaGWbKdT9ZUw\">formul\u00e1rio do google<\/a>, onde fornecer\u00e3o informa\u00e7\u00f5es a respeito do Projeto ou Programa, bem como o envio do v\u00eddeo, que dever\u00e1 estar dispon\u00edvel para download.<\/p>\n<p style=\"font-weight: 400\">Os v\u00eddeos dos trabalhos participantes ser\u00e3o divulgados na p\u00e1gina da PROEX e no canal oficial do <em>youtube\u00a0<\/em>da UEPG.<\/p>\n<p style=\"font-weight: 400\">D\u00favidas a respeito do evento dever\u00e3o ser enviadas atrav\u00e9s do email:\u00a0proex.deu@uepg.br<\/p>\n","protected":false},"excerpt":{"rendered":"<p>A Diretoria de Extens\u00e3o Universit\u00e1ria (DEU) da Pr\u00f3-Reitoria de Extens\u00e3o e Assuntos Culturais (PROEX) da Universidade Estadual de Ponta Grossa (UEPG) convida Programas e Projetos de Extens\u00e3o a enviarem v\u00eddeos sobre suas Pr\u00e1ticas Extensionistas. O evento \u201cPr\u00e1ticas Extensionistas dos Programas\/Projetos da PROEX\/UEPG: um di\u00e1logo com a comunidade 1\u00aa edi\u00e7\u00e3o\u201d teve in\u00edcio no dia 25 de&nbsp;&hellip;<\/p>\n","protected":false},"author":255,"featured_media":4005,"comment_status":"closed","ping_status":"closed","sticky":false,"template":"","format":"standard","meta":[],"categories":[8],"tags":[],"_links":{"self":[{"href":"https:\/\/www2.uepg.br\/proex\/wp-json\/wp\/v2\/posts\/4001"}],"collection":[{"href":"https:\/\/www2.uepg.br\/proex\/wp-json\/wp\/v2\/posts"}],"about":[{"href":"https:\/\/www2.uepg.br\/proex\/wp-json\/wp\/v2\/types\/post"}],"author":[{"embeddable":true,"href":"https:\/\/www2.uepg.br\/proex\/wp-json\/wp\/v2\/users\/255"}],"replies":[{"embeddable":true,"href":"https:\/\/www2.uepg.br\/proex\/wp-json\/wp\/v2\/comments?post=4001"}],"version-history":[{"count":5,"href":"https:\/\/www2.uepg.br\/proex\/wp-json\/wp\/v2\/posts\/4001\/revisions"}],"predecessor-version":[{"id":4007,"href":"https:\/\/www2.uepg.br\/proex\/wp-json\/wp\/v2\/posts\/4001\/revisions\/4007"}],"wp:featuredmedia":[{"embeddable":true,"href":"https:\/\/www2.uepg.br\/proex\/wp-json\/wp\/v2\/media\/4005"}],"wp:attachment":[{"href":"https:\/\/www2.uepg.br\/proex\/wp-json\/wp\/v2\/media?parent=4001"}],"wp:term":[{"taxonomy":"category","embeddable":true,"href":"https:\/\/www2.uepg.br\/proex\/wp-json\/wp\/v2\/categories?post=4001"},{"taxonomy":"post_tag","embeddable":true,"href":"https:\/\/www2.uepg.br\/proex\/wp-json\/wp\/v2\/tags?post=4001"}],"curies":[{"name":"wp","href":"https:\/\/api.w.org\/{rel}","templated":true}]}}