{"id":4059,"date":"2021-07-13T15:12:30","date_gmt":"2021-07-13T18:12:30","guid":{"rendered":"https:\/\/www2.uepg.br\/proex\/?p=4059"},"modified":"2021-07-13T16:01:18","modified_gmt":"2021-07-13T19:01:18","slug":"prorrogacao-do-prazo-de-submissao-de-videos-do-evento-de-praticas-extensionistas","status":"publish","type":"post","link":"https:\/\/www2.uepg.br\/proex\/prorrogacao-do-prazo-de-submissao-de-videos-do-evento-de-praticas-extensionistas\/","title":{"rendered":"Prorroga\u00e7\u00e3o do prazo de submiss\u00e3o de v\u00eddeos do evento de Pr\u00e1ticas Extensionistas"},"content":{"rendered":"<p>Em comemora\u00e7\u00e3o aos 50 anos de Extens\u00e3o, a Pr\u00f3-Reitoria de Extens\u00e3o e Assuntos Culturais (PROEX) da Universidade Estadual de Ponta Grossa (UEPG) lan\u00e7ou o evento \u201cPr\u00e1ticas extensionistas dos projetos e programas da PROEX\/UEPG: um di\u00e1logo com a comunidade\u201d.<\/p>\n<p>O evento tem como objetivo principal conhecer e divulgar as pr\u00e1ticas extensionistas que cada Programa e Projeto realiza e busca para se ter o di\u00e1logo com a comunidade, principalmente nesse per\u00edodo de distanciamento social que estamos experimentando, procurando manter a ess\u00eancia do que \u00e9 a Extens\u00e3o Universit\u00e1ria.<\/p>\n<p>O prazo para submiss\u00e3o dos v\u00eddeos e inscri\u00e7\u00f5es foi prorrogado para\u00a0o dia 26 de julho de 2021.<\/p>\n<p>Mais informa\u00e7\u00f5es podem ser obtidas no site da <a href=\"https:\/\/www2.uepg.br\/proex\/praticas-extensionistas\/\"><u>PROEX<\/u><\/a>, pelo telefone (42)3220-3488 ou atrav\u00e9s do e-mail proex.deu@uepg.br.<\/p>\n","protected":false},"excerpt":{"rendered":"<p>Em comemora\u00e7\u00e3o aos 50 anos de Extens\u00e3o, a Pr\u00f3-Reitoria de Extens\u00e3o e Assuntos Culturais (PROEX) da Universidade Estadual de Ponta Grossa (UEPG) lan\u00e7ou o evento \u201cPr\u00e1ticas extensionistas dos projetos e programas da PROEX\/UEPG: um di\u00e1logo com a comunidade\u201d. O evento tem como objetivo principal conhecer e divulgar as pr\u00e1ticas extensionistas que cada Programa e Projeto&nbsp;&hellip;<\/p>\n","protected":false},"author":91,"featured_media":4064,"comment_status":"closed","ping_status":"closed","sticky":false,"template":"","format":"standard","meta":[],"categories":[8],"tags":[],"_links":{"self":[{"href":"https:\/\/www2.uepg.br\/proex\/wp-json\/wp\/v2\/posts\/4059"}],"collection":[{"href":"https:\/\/www2.uepg.br\/proex\/wp-json\/wp\/v2\/posts"}],"about":[{"href":"https:\/\/www2.uepg.br\/proex\/wp-json\/wp\/v2\/types\/post"}],"author":[{"embeddable":true,"href":"https:\/\/www2.uepg.br\/proex\/wp-json\/wp\/v2\/users\/91"}],"replies":[{"embeddable":true,"href":"https:\/\/www2.uepg.br\/proex\/wp-json\/wp\/v2\/comments?post=4059"}],"version-history":[{"count":1,"href":"https:\/\/www2.uepg.br\/proex\/wp-json\/wp\/v2\/posts\/4059\/revisions"}],"predecessor-version":[{"id":4060,"href":"https:\/\/www2.uepg.br\/proex\/wp-json\/wp\/v2\/posts\/4059\/revisions\/4060"}],"wp:featuredmedia":[{"embeddable":true,"href":"https:\/\/www2.uepg.br\/proex\/wp-json\/wp\/v2\/media\/4064"}],"wp:attachment":[{"href":"https:\/\/www2.uepg.br\/proex\/wp-json\/wp\/v2\/media?parent=4059"}],"wp:term":[{"taxonomy":"category","embeddable":true,"href":"https:\/\/www2.uepg.br\/proex\/wp-json\/wp\/v2\/categories?post=4059"},{"taxonomy":"post_tag","embeddable":true,"href":"https:\/\/www2.uepg.br\/proex\/wp-json\/wp\/v2\/tags?post=4059"}],"curies":[{"name":"wp","href":"https:\/\/api.w.org\/{rel}","templated":true}]}}