{"id":4171,"date":"2021-08-03T13:55:56","date_gmt":"2021-08-03T16:55:56","guid":{"rendered":"https:\/\/www2.uepg.br\/proex\/?p=4171"},"modified":"2023-04-14T11:23:21","modified_gmt":"2023-04-14T14:23:21","slug":"ebook-orientacoes-farmaceuticas-uso-de-medicamentos-durante-o-aleitamento-materno","status":"publish","type":"post","link":"https:\/\/www2.uepg.br\/proex\/ebook-orientacoes-farmaceuticas-uso-de-medicamentos-durante-o-aleitamento-materno\/","title":{"rendered":"Orienta\u00e7\u00f5es farmac\u00eauticas (Uso de medicamentos durante o aleitamento materno)."},"content":{"rendered":"<p>Acesse aqui:<\/p>\n<p><a href=\"https:\/\/www2.uepg.br\/proex\/wp-content\/uploads\/sites\/8\/2021\/08\/cartilha-orientacoes-farmaceuticas.pdf\">cartilha orienta\u00e7\u00f5es farmac\u00eauticas<\/a><\/p>\n","protected":false},"excerpt":{"rendered":"<p>Acesse aqui: cartilha orienta\u00e7\u00f5es farmac\u00eauticas<\/p>\n","protected":false},"author":95,"featured_media":6937,"comment_status":"closed","ping_status":"closed","sticky":false,"template":"","format":"standard","meta":[],"categories":[19],"tags":[],"_links":{"self":[{"href":"https:\/\/www2.uepg.br\/proex\/wp-json\/wp\/v2\/posts\/4171"}],"collection":[{"href":"https:\/\/www2.uepg.br\/proex\/wp-json\/wp\/v2\/posts"}],"about":[{"href":"https:\/\/www2.uepg.br\/proex\/wp-json\/wp\/v2\/types\/post"}],"author":[{"embeddable":true,"href":"https:\/\/www2.uepg.br\/proex\/wp-json\/wp\/v2\/users\/95"}],"replies":[{"embeddable":true,"href":"https:\/\/www2.uepg.br\/proex\/wp-json\/wp\/v2\/comments?post=4171"}],"version-history":[{"count":3,"href":"https:\/\/www2.uepg.br\/proex\/wp-json\/wp\/v2\/posts\/4171\/revisions"}],"predecessor-version":[{"id":4174,"href":"https:\/\/www2.uepg.br\/proex\/wp-json\/wp\/v2\/posts\/4171\/revisions\/4174"}],"wp:featuredmedia":[{"embeddable":true,"href":"https:\/\/www2.uepg.br\/proex\/wp-json\/wp\/v2\/media\/6937"}],"wp:attachment":[{"href":"https:\/\/www2.uepg.br\/proex\/wp-json\/wp\/v2\/media?parent=4171"}],"wp:term":[{"taxonomy":"category","embeddable":true,"href":"https:\/\/www2.uepg.br\/proex\/wp-json\/wp\/v2\/categories?post=4171"},{"taxonomy":"post_tag","embeddable":true,"href":"https:\/\/www2.uepg.br\/proex\/wp-json\/wp\/v2\/tags?post=4171"}],"curies":[{"name":"wp","href":"https:\/\/api.w.org\/{rel}","templated":true}]}}