{"id":4176,"date":"2021-08-03T14:45:00","date_gmt":"2021-08-03T17:45:00","guid":{"rendered":"https:\/\/www2.uepg.br\/proex\/?p=4176"},"modified":"2021-08-03T14:46:05","modified_gmt":"2021-08-03T17:46:05","slug":"exposicao-virtual-galeria-dac-proex-vermelho-o-recorte-emerson-persona","status":"publish","type":"post","link":"https:\/\/www2.uepg.br\/proex\/exposicao-virtual-galeria-dac-proex-vermelho-o-recorte-emerson-persona\/","title":{"rendered":"Exposi\u00e7\u00e3o Virtual Galeria DAC\/PROEX: &#8220;Vermelho, o recorte&#8221;- Emerson Persona"},"content":{"rendered":"<p>A Exposi\u00e7\u00e3o &#8220;<strong>Vermelho, o recorte<\/strong>&#8220;,\u00a0 apresenta parte dos trabalhos que far\u00e3o parte da mostra \u201cVERMELHO\u201d, no Muma &#8211; Museu Municipal de Arte em Curitiba no segundo semestre de 2022.\u00a0 Traz trabalhos intrinsicamente relacionados com a minha experi\u00eancia dentro do processo pand\u00eamico a que estamos acometidos desde 2020.<br \/>\nIsolamento, solid\u00e3o, medo, ang\u00fastias e viol\u00eancias, s\u00e3o algumas das minhas sensa\u00e7\u00f5es a partir das minhas reflex\u00f5es dentro da pandemia ou a partir dos relatos de pessoas na internet fazem parte dos \u201ctemas\u201d ou \u201cmotivos\u201d para produzir alguns dos objetos aqui apresentados.<\/p>\n<p>Abertura da Exposi\u00e7\u00e3o virtual- LIVE<\/p>\n<p>Dia 09 de Agosto de 2021, \u00e0s 14h.<\/p>\n<p>Inscri\u00e7\u00f5es gratuitas<br \/>\nCertifica\u00e7\u00e3o: 5 horas<\/p>\n<p>Link para inscri\u00e7\u00e3o: <a href=\"https:\/\/forms.gle\/T47rR9cXdsUcCZQz5\">https:\/\/forms.gle\/T47rR9cXdsUcCZQz5<\/a><\/p>\n<p>Link direto Live: <a href=\"https:\/\/www.youtube.com\/watch?v=jSGQgz4GHaw\">https:\/\/www.youtube.com\/watch?v=jSGQgz4GHaw<\/a><\/p>\n<p>Galeria Virtual DAC\/PROEX: <a href=\"https:\/\/www2.uepg.br\/proex\/exposicoes-virtuais\/\">https:\/\/www2.uepg.br\/proex\/exposicoes-virtuais\/<\/a><\/p>\n","protected":false},"excerpt":{"rendered":"<p>A Exposi\u00e7\u00e3o &#8220;Vermelho, o recorte&#8220;,\u00a0 apresenta parte dos trabalhos que far\u00e3o parte da mostra \u201cVERMELHO\u201d, no Muma &#8211; Museu Municipal de Arte em Curitiba no segundo semestre de 2022.\u00a0 Traz trabalhos intrinsicamente relacionados com a minha experi\u00eancia dentro do processo pand\u00eamico a que estamos acometidos desde 2020. Isolamento, solid\u00e3o, medo, ang\u00fastias e viol\u00eancias, s\u00e3o algumas&nbsp;&hellip;<\/p>\n","protected":false},"author":85,"featured_media":4177,"comment_status":"closed","ping_status":"closed","sticky":false,"template":"","format":"standard","meta":[],"categories":[8],"tags":[],"_links":{"self":[{"href":"https:\/\/www2.uepg.br\/proex\/wp-json\/wp\/v2\/posts\/4176"}],"collection":[{"href":"https:\/\/www2.uepg.br\/proex\/wp-json\/wp\/v2\/posts"}],"about":[{"href":"https:\/\/www2.uepg.br\/proex\/wp-json\/wp\/v2\/types\/post"}],"author":[{"embeddable":true,"href":"https:\/\/www2.uepg.br\/proex\/wp-json\/wp\/v2\/users\/85"}],"replies":[{"embeddable":true,"href":"https:\/\/www2.uepg.br\/proex\/wp-json\/wp\/v2\/comments?post=4176"}],"version-history":[{"count":2,"href":"https:\/\/www2.uepg.br\/proex\/wp-json\/wp\/v2\/posts\/4176\/revisions"}],"predecessor-version":[{"id":4179,"href":"https:\/\/www2.uepg.br\/proex\/wp-json\/wp\/v2\/posts\/4176\/revisions\/4179"}],"wp:featuredmedia":[{"embeddable":true,"href":"https:\/\/www2.uepg.br\/proex\/wp-json\/wp\/v2\/media\/4177"}],"wp:attachment":[{"href":"https:\/\/www2.uepg.br\/proex\/wp-json\/wp\/v2\/media?parent=4176"}],"wp:term":[{"taxonomy":"category","embeddable":true,"href":"https:\/\/www2.uepg.br\/proex\/wp-json\/wp\/v2\/categories?post=4176"},{"taxonomy":"post_tag","embeddable":true,"href":"https:\/\/www2.uepg.br\/proex\/wp-json\/wp\/v2\/tags?post=4176"}],"curies":[{"name":"wp","href":"https:\/\/api.w.org\/{rel}","templated":true}]}}