{"id":4448,"date":"2021-08-25T08:34:40","date_gmt":"2021-08-25T11:34:40","guid":{"rendered":"https:\/\/www2.uepg.br\/proex\/?p=4448"},"modified":"2021-08-26T13:37:14","modified_gmt":"2021-08-26T16:37:14","slug":"50-anos-da-extensao","status":"publish","type":"post","link":"https:\/\/www2.uepg.br\/proex\/50-anos-da-extensao\/","title":{"rendered":"50 Anos da Extens\u00e3o"},"content":{"rendered":"<p>No dia 02 de setembro \u00e0s 19 horas, atrav\u00e9s do Canal Oficial da UEPG do YouTube, acontecer\u00e1 o lan\u00e7amento do Mapa dos Programas e Projetos da PROEX-UEPG e os V\u00eddeos de Pr\u00e1ticas Extensionistas.<br \/>\nLink para o evento: <a href=\"https:\/\/www.youtube.com\/watch?v=hbVCIhVD5ds\">https:\/\/www.youtube.com\/watch?v=hbVCIhVD5ds<\/a><\/p>\n<p>Contamos com a sua participa\u00e7\u00e3o!<\/p>\n","protected":false},"excerpt":{"rendered":"<p>No dia 02 de setembro \u00e0s 19 horas, atrav\u00e9s do Canal Oficial da UEPG do YouTube, acontecer\u00e1 o lan\u00e7amento do Mapa dos Programas e Projetos da PROEX-UEPG e os V\u00eddeos de Pr\u00e1ticas Extensionistas. Link para o evento: https:\/\/www.youtube.com\/watch?v=hbVCIhVD5ds Contamos com a sua participa\u00e7\u00e3o!<\/p>\n","protected":false},"author":367,"featured_media":4452,"comment_status":"closed","ping_status":"closed","sticky":false,"template":"","format":"standard","meta":[],"categories":[8],"tags":[],"_links":{"self":[{"href":"https:\/\/www2.uepg.br\/proex\/wp-json\/wp\/v2\/posts\/4448"}],"collection":[{"href":"https:\/\/www2.uepg.br\/proex\/wp-json\/wp\/v2\/posts"}],"about":[{"href":"https:\/\/www2.uepg.br\/proex\/wp-json\/wp\/v2\/types\/post"}],"author":[{"embeddable":true,"href":"https:\/\/www2.uepg.br\/proex\/wp-json\/wp\/v2\/users\/367"}],"replies":[{"embeddable":true,"href":"https:\/\/www2.uepg.br\/proex\/wp-json\/wp\/v2\/comments?post=4448"}],"version-history":[{"count":4,"href":"https:\/\/www2.uepg.br\/proex\/wp-json\/wp\/v2\/posts\/4448\/revisions"}],"predecessor-version":[{"id":4471,"href":"https:\/\/www2.uepg.br\/proex\/wp-json\/wp\/v2\/posts\/4448\/revisions\/4471"}],"wp:featuredmedia":[{"embeddable":true,"href":"https:\/\/www2.uepg.br\/proex\/wp-json\/wp\/v2\/media\/4452"}],"wp:attachment":[{"href":"https:\/\/www2.uepg.br\/proex\/wp-json\/wp\/v2\/media?parent=4448"}],"wp:term":[{"taxonomy":"category","embeddable":true,"href":"https:\/\/www2.uepg.br\/proex\/wp-json\/wp\/v2\/categories?post=4448"},{"taxonomy":"post_tag","embeddable":true,"href":"https:\/\/www2.uepg.br\/proex\/wp-json\/wp\/v2\/tags?post=4448"}],"curies":[{"name":"wp","href":"https:\/\/api.w.org\/{rel}","templated":true}]}}