{"id":4547,"date":"2021-09-01T12:58:16","date_gmt":"2021-09-01T15:58:16","guid":{"rendered":"https:\/\/www2.uepg.br\/proex\/?p=4547"},"modified":"2021-09-01T14:12:57","modified_gmt":"2021-09-01T17:12:57","slug":"aniversario-de-16-anos-da-incubadora-de-empreendimentos-solidarios-iesol","status":"publish","type":"post","link":"https:\/\/www2.uepg.br\/proex\/aniversario-de-16-anos-da-incubadora-de-empreendimentos-solidarios-iesol\/","title":{"rendered":"Anivers\u00e1rio de 16 anos da Incubadora de Empreendimentos Solid\u00e1rios &#8211; IESol"},"content":{"rendered":"<p>A Incubadora de Empreendimentos Solid\u00e1rios (IESol), programa de extens\u00e3o vinculado \u00e0 PROEX\/UEPG, est\u00e1 de anivers\u00e1rio! S\u00e3o 16 anos de fomento, organiza\u00e7\u00e3o e consolida\u00e7\u00e3o de empreendimentos econ\u00f4micos solid\u00e1rios nos mais diversos segmentos, promo\u00e7\u00e3o da Economia Solid\u00e1ria e seus princ\u00edpios e muuuuito trabalho. Pensando nessa jornada, \u00e9 \u00f3bvio que n\u00e3o pod\u00edamos deixar de comemorar!<\/p>\n<p>Portanto, j\u00e1 anota na agenda: dia 27 e 28 de setembro, das 13h30min \u00e0s 16h30min, vai rolar o evento de Anivers\u00e1rio dos 16 anos da IESol!<\/p>\n<p>Nos dois dias haver\u00e1 uma abertura cultural com a QUIARA CAMARGO, acad\u00eamica de jornalismo, escritora e poeta, sendo seguida no primeiro dia por uma palestra sensacional da professora da UFRB, integrante da Incubadora de Empreendimentos Solid\u00e1rios da UFRB e da Associa\u00e7\u00e3o Brasileira de Pesquisadores de Economia Solid\u00e1ria ELIENE GOMES DOS ANJOS e no segundo dia por uma roda de conversa com a IESol, a Associa\u00e7\u00e3o de Feirantes da Economia Solid\u00e1ria, o Acampamento Maria Rosa do Contestado, a Associa\u00e7\u00e3o de Recicladores de Porto Amazonas e o Centro de Aten\u00e7\u00e3o Psicossocial de Castro.<\/p>\n<p>Que programa\u00e7\u00e3o maravilhosa, n\u00e3o \u00e9 mesmo? E pra melhorar, se voc\u00ea participar do evento nos dois dias ainda ganha um certificado de 6 horas!<\/p>\n<p>Ent\u00e3o n\u00e3o perca tempo, corre se inscrever pelo <a href=\"https:\/\/docs.google.com\/forms\/d\/1PuIZ28OFfOQXP_oD_QLE_Hky1UBiETCzMU0jEI0F0TM\/viewform?edit_requested=true\">link!<\/a><\/p>\n<p><img loading=\"lazy\" class=\"wp-image-4549 aligncenter\" src=\"https:\/\/www2.uepg.br\/proex\/wp-content\/uploads\/sites\/8\/2021\/09\/iesol-300x251.jpg\" alt=\"\" width=\"741\" height=\"620\" srcset=\"https:\/\/www2.uepg.br\/proex\/wp-content\/uploads\/sites\/8\/2021\/09\/iesol-300x251.jpg 300w, https:\/\/www2.uepg.br\/proex\/wp-content\/uploads\/sites\/8\/2021\/09\/iesol-768x644.jpg 768w, https:\/\/www2.uepg.br\/proex\/wp-content\/uploads\/sites\/8\/2021\/09\/iesol.jpg 940w\" sizes=\"(max-width: 741px) 100vw, 741px\" \/><\/p>\n<h3 style=\"text-align: center\"><\/h3>\n<p style=\"text-align: center\">\n","protected":false},"excerpt":{"rendered":"<p>A Incubadora de Empreendimentos Solid\u00e1rios (IESol), programa de extens\u00e3o vinculado \u00e0 PROEX\/UEPG, est\u00e1 de anivers\u00e1rio! S\u00e3o 16 anos de fomento, organiza\u00e7\u00e3o e consolida\u00e7\u00e3o de empreendimentos econ\u00f4micos solid\u00e1rios nos mais diversos segmentos, promo\u00e7\u00e3o da Economia Solid\u00e1ria e seus princ\u00edpios e muuuuito trabalho. Pensando nessa jornada, \u00e9 \u00f3bvio que n\u00e3o pod\u00edamos deixar de comemorar! Portanto, j\u00e1 anota&nbsp;&hellip;<\/p>\n","protected":false},"author":91,"featured_media":4551,"comment_status":"closed","ping_status":"closed","sticky":false,"template":"","format":"standard","meta":[],"categories":[8],"tags":[],"_links":{"self":[{"href":"https:\/\/www2.uepg.br\/proex\/wp-json\/wp\/v2\/posts\/4547"}],"collection":[{"href":"https:\/\/www2.uepg.br\/proex\/wp-json\/wp\/v2\/posts"}],"about":[{"href":"https:\/\/www2.uepg.br\/proex\/wp-json\/wp\/v2\/types\/post"}],"author":[{"embeddable":true,"href":"https:\/\/www2.uepg.br\/proex\/wp-json\/wp\/v2\/users\/91"}],"replies":[{"embeddable":true,"href":"https:\/\/www2.uepg.br\/proex\/wp-json\/wp\/v2\/comments?post=4547"}],"version-history":[{"count":6,"href":"https:\/\/www2.uepg.br\/proex\/wp-json\/wp\/v2\/posts\/4547\/revisions"}],"predecessor-version":[{"id":4556,"href":"https:\/\/www2.uepg.br\/proex\/wp-json\/wp\/v2\/posts\/4547\/revisions\/4556"}],"wp:featuredmedia":[{"embeddable":true,"href":"https:\/\/www2.uepg.br\/proex\/wp-json\/wp\/v2\/media\/4551"}],"wp:attachment":[{"href":"https:\/\/www2.uepg.br\/proex\/wp-json\/wp\/v2\/media?parent=4547"}],"wp:term":[{"taxonomy":"category","embeddable":true,"href":"https:\/\/www2.uepg.br\/proex\/wp-json\/wp\/v2\/categories?post=4547"},{"taxonomy":"post_tag","embeddable":true,"href":"https:\/\/www2.uepg.br\/proex\/wp-json\/wp\/v2\/tags?post=4547"}],"curies":[{"name":"wp","href":"https:\/\/api.w.org\/{rel}","templated":true}]}}