{"id":4568,"date":"2021-09-02T14:19:52","date_gmt":"2021-09-02T17:19:52","guid":{"rendered":"https:\/\/www2.uepg.br\/proex\/?p=4568"},"modified":"2021-09-02T14:20:06","modified_gmt":"2021-09-02T17:20:06","slug":"abertura-das-inscricoes-do-19o-conex-e-4o-eaex","status":"publish","type":"post","link":"https:\/\/www2.uepg.br\/proex\/abertura-das-inscricoes-do-19o-conex-e-4o-eaex\/","title":{"rendered":"Abertura das inscri\u00e7\u00f5es do 19\u00ba CONEX e 4\u00ba EAEX"},"content":{"rendered":"<p>A Pr\u00f3-Reitoria de Extens\u00e3o e Assuntos Culturais (PROEX), da Universidade Estadual de Ponta Grossa (UEPG), convida a todos a participarem do 19\u00ba Encontro Conversando sobre a Extens\u00e3o &#8211; CONEX e o 4\u00ba Encontro Anual de Extens\u00e3o &#8211; EAEX, do dia 26 a 28 de outubro.<\/p>\n<p>Neste ano comemoramos os 50 anos de Extens\u00e3o na UEPG, portanto o evento ter\u00e1 como tema: 50 ANOS DE EXTENS\u00c3O: perspectivas de futuro.<\/p>\n<p>O evento ser\u00e1 gratuito e online e, as inscri\u00e7\u00f5es dever\u00e3o ser feitas atrav\u00e9s da <a href=\"https:\/\/siseve.apps.uepg.br\/en\/19conex4eaex2021\">p\u00e1gina do evento<\/a>.<\/p>\n<p>Para ouvintes iniciaram no dia 1\u00ba de setembro e se encerram no dia 17 de outubro. E as submiss\u00f5es de trabalhos iniciaram dia 1\u00ba de setembro e se encerram no dia 30 de setembro.<\/p>\n<p>Contamos com a participa\u00e7\u00e3o de todos!<\/p>\n<p>&nbsp;<\/p>\n","protected":false},"excerpt":{"rendered":"<p>A Pr\u00f3-Reitoria de Extens\u00e3o e Assuntos Culturais (PROEX), da Universidade Estadual de Ponta Grossa (UEPG), convida a todos a participarem do 19\u00ba Encontro Conversando sobre a Extens\u00e3o &#8211; CONEX e o 4\u00ba Encontro Anual de Extens\u00e3o &#8211; EAEX, do dia 26 a 28 de outubro. Neste ano comemoramos os 50 anos de Extens\u00e3o na UEPG,&nbsp;&hellip;<\/p>\n","protected":false},"author":91,"featured_media":4569,"comment_status":"closed","ping_status":"closed","sticky":false,"template":"","format":"standard","meta":[],"categories":[8],"tags":[],"_links":{"self":[{"href":"https:\/\/www2.uepg.br\/proex\/wp-json\/wp\/v2\/posts\/4568"}],"collection":[{"href":"https:\/\/www2.uepg.br\/proex\/wp-json\/wp\/v2\/posts"}],"about":[{"href":"https:\/\/www2.uepg.br\/proex\/wp-json\/wp\/v2\/types\/post"}],"author":[{"embeddable":true,"href":"https:\/\/www2.uepg.br\/proex\/wp-json\/wp\/v2\/users\/91"}],"replies":[{"embeddable":true,"href":"https:\/\/www2.uepg.br\/proex\/wp-json\/wp\/v2\/comments?post=4568"}],"version-history":[{"count":1,"href":"https:\/\/www2.uepg.br\/proex\/wp-json\/wp\/v2\/posts\/4568\/revisions"}],"predecessor-version":[{"id":4570,"href":"https:\/\/www2.uepg.br\/proex\/wp-json\/wp\/v2\/posts\/4568\/revisions\/4570"}],"wp:featuredmedia":[{"embeddable":true,"href":"https:\/\/www2.uepg.br\/proex\/wp-json\/wp\/v2\/media\/4569"}],"wp:attachment":[{"href":"https:\/\/www2.uepg.br\/proex\/wp-json\/wp\/v2\/media?parent=4568"}],"wp:term":[{"taxonomy":"category","embeddable":true,"href":"https:\/\/www2.uepg.br\/proex\/wp-json\/wp\/v2\/categories?post=4568"},{"taxonomy":"post_tag","embeddable":true,"href":"https:\/\/www2.uepg.br\/proex\/wp-json\/wp\/v2\/tags?post=4568"}],"curies":[{"name":"wp","href":"https:\/\/api.w.org\/{rel}","templated":true}]}}