{"id":4575,"date":"2021-09-08T10:07:26","date_gmt":"2021-09-08T13:07:26","guid":{"rendered":"https:\/\/www2.uepg.br\/proex\/?p=4575"},"modified":"2021-09-08T10:09:27","modified_gmt":"2021-09-08T13:09:27","slug":"39-seurs","status":"publish","type":"post","link":"https:\/\/www2.uepg.br\/proex\/39-seurs\/","title":{"rendered":"39\u00b0 SEURS"},"content":{"rendered":"<p>O 39\u00ba Semin\u00e1rio de Extens\u00e3o Universit\u00e1ria da Regi\u00e3o Sul \u00e9 uma parceria entre o Instituto Federal Farroupilha (IFFar) e a Universidade Federal de Santa Maria (UFSM), acontecer\u00e1 entre os dias 15 e 17 de setembro, de forma remota e com o seguinte tema: &#8220;Desenvolvimento Regional e Cidadania pela perspectiva da Extens\u00e3o&#8221;.<\/p>\n<p>Para o evento deste ano, a Pr\u00f3-Reitoria de Extens\u00e3o e Assuntos Culturais da UEPG recebeu 23 inscri\u00e7\u00f5es e ap\u00f3s avalia\u00e7\u00e3o interna selecionou 15 trabalhos para participa\u00e7\u00e3o no evento, sendo eles:<\/p>\n<ul>\n<li>A Telemedicina Como Ferramenta de Estratifica\u00e7\u00e3o de Risco para Doen\u00e7as Cardiovasculares e Possibilidades de Atua\u00e7\u00e3o na Pandemia de Covid-19 &#8211; Ricardo Zanetti Gomes<\/li>\n<li>Apoio aos Pequenos produtores Rurais da Regi\u00e3o dos Campos Gerais &#8211; Guilherme de Almeida Souza Tedrus<\/li>\n<li>Assessoria \u00e0 Ceves na Implanta\u00e7\u00e3o do Plano Municipal de Enfrentamento \u00e0s Viol\u00eancias Contra Crian\u00e7as e Adolescentes &#8211; Danuta Estrufika Cantoia Luiz<\/li>\n<li>Considera\u00e7\u00f5es Sobre a Elabora\u00e7\u00e3o do Curso de Multiplicadores para Enfrentamento da Viol\u00eancia Dom\u00e9stica e\/ou Familiar Contra a Mulher &#8211; Maria Cristina Baranoski<\/li>\n<li>Contador de Hist\u00f3ria- Uma Realidade na UATI-UEPG &#8211; Rita de Cassia da Silva Oliveira<\/li>\n<li>Conviv\u00eancia e Pandemia: Mantendo os V\u00ednculos &#8211; Maria Iolanda de Oliveira<\/li>\n<li>Educa\u00e7\u00e3o em Sa\u00fade: Os 10 Anos de Contribui\u00e7\u00e3o para a Extens\u00e3o Universit\u00e1ria &#8211; Gerusa Clazer Halila Possagno<\/li>\n<li>Intera\u00e7\u00e3o Entre Alunos de Ensino Superior e Fundamental: Levando Oportunidades as Escolas Publicas &#8211; Marcio Souza<\/li>\n<li>Jornalismo, Direitos Humanos e Forma\u00e7\u00e3o Cidad\u00e3: A\u00e7\u00f5es Extensionistas no Contexto Pand\u00eamico &#8211; Paula Melani Rocha<\/li>\n<li>ManipulA\u00c7\u00c3O: Manipulando Cosm\u00e9ticos e Transformando Vidas &#8211; Patricia Mathias Boscardin<\/li>\n<li>O Enfrentamento ao Trabalho Infantil na Extens\u00e3o Universit\u00e1ria: Possibilidades Durante a Pandemia &#8211; Lenir Aparecida Mainaredes da Silva<\/li>\n<li>O Trabalho da IESOL\/UEPG Frente as Demandas da Pandemia &#8211; Reidy Rolim de Moura<\/li>\n<li>Oficinas de Cidadania: Como Acolher e Integrar Migrantes e Refugiados &#8211; Luiza Bitencourt Krainski<\/li>\n<li>Oficinas Interdisciplinares Remotas &#8211; Josie Agatha e Nelson Junior<\/li>\n<li>Projeto Conhecendo PG: Benesses da Pandemia SARS-CoV-2 &#8211; Luiz Fernando de Souza<\/li>\n<\/ul>\n<p>Aos interessados em participar como ouvintes do 39\u00ba SEURS, a inscri\u00e7\u00e3o \u00e9 gratuita e vai at\u00e9 o dia 10 de setembro.<\/p>\n<p>&nbsp;<\/p>\n<p><a href=\"https:\/\/www2.uepg.br\/proex\/wp-content\/uploads\/sites\/8\/2021\/09\/marcas_banner-site-semana-do-servidor-copia-2_banner-site-semana-do-servidor-copia-2_banner-site-semana-do-servidor-copia-2.jpg\"><img loading=\"lazy\" class=\"wp-image-4577 size-medium aligncenter\" src=\"https:\/\/www2.uepg.br\/proex\/wp-content\/uploads\/sites\/8\/2021\/09\/marcas_banner-site-semana-do-servidor-copia-2_banner-site-semana-do-servidor-copia-2_banner-site-semana-do-servidor-copia-2-300x139.jpg\" alt=\"\" width=\"300\" height=\"139\" srcset=\"https:\/\/www2.uepg.br\/proex\/wp-content\/uploads\/sites\/8\/2021\/09\/marcas_banner-site-semana-do-servidor-copia-2_banner-site-semana-do-servidor-copia-2_banner-site-semana-do-servidor-copia-2-300x139.jpg 300w, https:\/\/www2.uepg.br\/proex\/wp-content\/uploads\/sites\/8\/2021\/09\/marcas_banner-site-semana-do-servidor-copia-2_banner-site-semana-do-servidor-copia-2_banner-site-semana-do-servidor-copia-2-1024x476.jpg 1024w, https:\/\/www2.uepg.br\/proex\/wp-content\/uploads\/sites\/8\/2021\/09\/marcas_banner-site-semana-do-servidor-copia-2_banner-site-semana-do-servidor-copia-2_banner-site-semana-do-servidor-copia-2-768x357.jpg 768w, https:\/\/www2.uepg.br\/proex\/wp-content\/uploads\/sites\/8\/2021\/09\/marcas_banner-site-semana-do-servidor-copia-2_banner-site-semana-do-servidor-copia-2_banner-site-semana-do-servidor-copia-2-1232x573.jpg 1232w, https:\/\/www2.uepg.br\/proex\/wp-content\/uploads\/sites\/8\/2021\/09\/marcas_banner-site-semana-do-servidor-copia-2_banner-site-semana-do-servidor-copia-2_banner-site-semana-do-servidor-copia-2.jpg 1280w\" sizes=\"(max-width: 300px) 100vw, 300px\" \/><\/a><\/p>\n","protected":false},"excerpt":{"rendered":"<p>O 39\u00ba Semin\u00e1rio de Extens\u00e3o Universit\u00e1ria da Regi\u00e3o Sul \u00e9 uma parceria entre o Instituto Federal Farroupilha (IFFar) e a Universidade Federal de Santa Maria (UFSM), acontecer\u00e1 entre os dias 15 e 17 de setembro, de forma remota e com o seguinte tema: &#8220;Desenvolvimento Regional e Cidadania pela perspectiva da Extens\u00e3o&#8221;. Para o evento deste&nbsp;&hellip;<\/p>\n","protected":false},"author":367,"featured_media":4576,"comment_status":"closed","ping_status":"closed","sticky":false,"template":"","format":"standard","meta":[],"categories":[8],"tags":[],"_links":{"self":[{"href":"https:\/\/www2.uepg.br\/proex\/wp-json\/wp\/v2\/posts\/4575"}],"collection":[{"href":"https:\/\/www2.uepg.br\/proex\/wp-json\/wp\/v2\/posts"}],"about":[{"href":"https:\/\/www2.uepg.br\/proex\/wp-json\/wp\/v2\/types\/post"}],"author":[{"embeddable":true,"href":"https:\/\/www2.uepg.br\/proex\/wp-json\/wp\/v2\/users\/367"}],"replies":[{"embeddable":true,"href":"https:\/\/www2.uepg.br\/proex\/wp-json\/wp\/v2\/comments?post=4575"}],"version-history":[{"count":4,"href":"https:\/\/www2.uepg.br\/proex\/wp-json\/wp\/v2\/posts\/4575\/revisions"}],"predecessor-version":[{"id":4581,"href":"https:\/\/www2.uepg.br\/proex\/wp-json\/wp\/v2\/posts\/4575\/revisions\/4581"}],"wp:featuredmedia":[{"embeddable":true,"href":"https:\/\/www2.uepg.br\/proex\/wp-json\/wp\/v2\/media\/4576"}],"wp:attachment":[{"href":"https:\/\/www2.uepg.br\/proex\/wp-json\/wp\/v2\/media?parent=4575"}],"wp:term":[{"taxonomy":"category","embeddable":true,"href":"https:\/\/www2.uepg.br\/proex\/wp-json\/wp\/v2\/categories?post=4575"},{"taxonomy":"post_tag","embeddable":true,"href":"https:\/\/www2.uepg.br\/proex\/wp-json\/wp\/v2\/tags?post=4575"}],"curies":[{"name":"wp","href":"https:\/\/api.w.org\/{rel}","templated":true}]}}