{"id":4607,"date":"2021-09-09T15:24:18","date_gmt":"2021-09-09T18:24:18","guid":{"rendered":"https:\/\/www2.uepg.br\/proex\/?p=4607"},"modified":"2021-09-09T15:24:54","modified_gmt":"2021-09-09T18:24:54","slug":"lancamento-do-concurso-de-fotografias","status":"publish","type":"post","link":"https:\/\/www2.uepg.br\/proex\/lancamento-do-concurso-de-fotografias\/","title":{"rendered":"Lan\u00e7amento do Concurso de Fotografias do 19\u00ba CONEX e 4\u00ba EAEX"},"content":{"rendered":"<p style=\"text-align: center\"><img loading=\"lazy\" class=\"alignnone size-medium wp-image-4608\" src=\"https:\/\/www2.uepg.br\/proex\/wp-content\/uploads\/sites\/8\/2021\/09\/Sem-titulo-300x141.jpg\" alt=\"\" width=\"300\" height=\"141\" srcset=\"https:\/\/www2.uepg.br\/proex\/wp-content\/uploads\/sites\/8\/2021\/09\/Sem-titulo-300x141.jpg 300w, https:\/\/www2.uepg.br\/proex\/wp-content\/uploads\/sites\/8\/2021\/09\/Sem-titulo-768x360.jpg 768w, https:\/\/www2.uepg.br\/proex\/wp-content\/uploads\/sites\/8\/2021\/09\/Sem-titulo.jpg 781w\" sizes=\"(max-width: 300px) 100vw, 300px\" \/><\/p>\n<p>No 19\u00ba CONEX e 4\u00ba EAEX, al\u00e9m das apresenta\u00e7\u00f5es de trabalhos dos programas e projetos de extens\u00e3o,\u00a0 tamb\u00e9m ter\u00e1 o Concurso de Fotografias, coordenado pela Diretoria de Assuntos Culturais (DAC) da PROEX.<\/p>\n<p>O tema deste ano \u00e9 <strong>50 ANOS DE EXTENS\u00c3O: perspectivas de futuro<\/strong> e tem como objetivo principal fomentar e valorizar, a partir dos registros fotogr\u00e1ficos, os 50 anos dos programas e projetos de extens\u00e3o, para compor o evento com uma Exposi\u00e7\u00e3o Virtual, apresentando a hist\u00f3ria e a mem\u00f3ria dos programas e projetos de extens\u00e3o desta institui\u00e7\u00e3o para que fa\u00e7am parte do acervo fotogr\u00e1fico da Universidade Estadual de Ponta Grossa.<\/p>\n<p>Para mais informa\u00e7\u00f5es acesse o <a href=\"https:\/\/www2.uepg.br\/proex\/wp-content\/uploads\/sites\/8\/2021\/09\/editalCONEX2021.pdf\">Edital do Concurso<\/a> disponibilizado na p\u00e1gina do evento ou pelo e-mail <a href=\"mailto:galeriaproex@gmail.com\" target=\"_blank\" rel=\"noopener\">galeriaproex@gmail.com<\/a>.<\/p>\n","protected":false},"excerpt":{"rendered":"<p>No 19\u00ba CONEX e 4\u00ba EAEX, al\u00e9m das apresenta\u00e7\u00f5es de trabalhos dos programas e projetos de extens\u00e3o,\u00a0 tamb\u00e9m ter\u00e1 o Concurso de Fotografias, coordenado pela Diretoria de Assuntos Culturais (DAC) da PROEX. O tema deste ano \u00e9 50 ANOS DE EXTENS\u00c3O: perspectivas de futuro e tem como objetivo principal fomentar e valorizar, a partir dos&nbsp;&hellip;<\/p>\n","protected":false},"author":91,"featured_media":4609,"comment_status":"closed","ping_status":"closed","sticky":false,"template":"","format":"standard","meta":[],"categories":[8],"tags":[],"_links":{"self":[{"href":"https:\/\/www2.uepg.br\/proex\/wp-json\/wp\/v2\/posts\/4607"}],"collection":[{"href":"https:\/\/www2.uepg.br\/proex\/wp-json\/wp\/v2\/posts"}],"about":[{"href":"https:\/\/www2.uepg.br\/proex\/wp-json\/wp\/v2\/types\/post"}],"author":[{"embeddable":true,"href":"https:\/\/www2.uepg.br\/proex\/wp-json\/wp\/v2\/users\/91"}],"replies":[{"embeddable":true,"href":"https:\/\/www2.uepg.br\/proex\/wp-json\/wp\/v2\/comments?post=4607"}],"version-history":[{"count":2,"href":"https:\/\/www2.uepg.br\/proex\/wp-json\/wp\/v2\/posts\/4607\/revisions"}],"predecessor-version":[{"id":4611,"href":"https:\/\/www2.uepg.br\/proex\/wp-json\/wp\/v2\/posts\/4607\/revisions\/4611"}],"wp:featuredmedia":[{"embeddable":true,"href":"https:\/\/www2.uepg.br\/proex\/wp-json\/wp\/v2\/media\/4609"}],"wp:attachment":[{"href":"https:\/\/www2.uepg.br\/proex\/wp-json\/wp\/v2\/media?parent=4607"}],"wp:term":[{"taxonomy":"category","embeddable":true,"href":"https:\/\/www2.uepg.br\/proex\/wp-json\/wp\/v2\/categories?post=4607"},{"taxonomy":"post_tag","embeddable":true,"href":"https:\/\/www2.uepg.br\/proex\/wp-json\/wp\/v2\/tags?post=4607"}],"curies":[{"name":"wp","href":"https:\/\/api.w.org\/{rel}","templated":true}]}}