{"id":4663,"date":"2021-09-30T08:01:15","date_gmt":"2021-09-30T11:01:15","guid":{"rendered":"https:\/\/www2.uepg.br\/proex\/?p=4663"},"modified":"2021-10-08T10:45:49","modified_gmt":"2021-10-08T13:45:49","slug":"prorrogacao-do-prazo-de-submissao-dos-trabalhos-do-19o-conex-e-4o-eaex","status":"publish","type":"post","link":"https:\/\/www2.uepg.br\/proex\/prorrogacao-do-prazo-de-submissao-dos-trabalhos-do-19o-conex-e-4o-eaex\/","title":{"rendered":"Prorroga\u00e7\u00e3o do prazo de submiss\u00e3o dos trabalhos do 19\u00ba CONEX e 4\u00ba EAEX"},"content":{"rendered":"<p>A Diretoria de Extens\u00e3o Universit\u00e1ria (DEU), atrav\u00e9s da PROEX\/UEPG, torna p\u00fablico a prorrogo\u00e7\u00e3o da data de t\u00e9rmino de submiss\u00e3o dos trabalhos do 19\u00ba Encontro Conversando sobre a Extens\u00e3o e 4\u00ba Encontro Anual de Extens\u00e3o para o dia 04 de outubro de 2021.<\/p>\n<p>A submiss\u00e3o deve ser feita atrav\u00e9s do <a href=\"https:\/\/siseve.apps.uepg.br\/pt_BR\/19conex4eaex2021\">link<\/a>\u00a0e deve seguir as normas disponibilizadas na p\u00e1gina do evento.<\/p>\n<p>Al\u00e9m das apresenta\u00e7\u00f5es de trabalho, convidamos os extensionistas a participarem tamb\u00e9m do <a href=\"https:\/\/www2.uepg.br\/proex\/wp-content\/uploads\/sites\/8\/2021\/09\/editalCONEX2021.pdf\">Concurso de Fotografias<\/a> e do <a href=\"https:\/\/www2.uepg.br\/proex\/cafes-virtuais-19o-conex-e-4o-eaex\/\">Caf\u00e9 Virtual<\/a>.<\/p>\n","protected":false},"excerpt":{"rendered":"<p>A Diretoria de Extens\u00e3o Universit\u00e1ria (DEU), atrav\u00e9s da PROEX\/UEPG, torna p\u00fablico a prorrogo\u00e7\u00e3o da data de t\u00e9rmino de submiss\u00e3o dos trabalhos do 19\u00ba Encontro Conversando sobre a Extens\u00e3o e 4\u00ba Encontro Anual de Extens\u00e3o para o dia 04 de outubro de 2021. A submiss\u00e3o deve ser feita atrav\u00e9s do link\u00a0e deve seguir as normas disponibilizadas&nbsp;&hellip;<\/p>\n","protected":false},"author":91,"featured_media":4569,"comment_status":"closed","ping_status":"closed","sticky":false,"template":"","format":"standard","meta":[],"categories":[8],"tags":[],"_links":{"self":[{"href":"https:\/\/www2.uepg.br\/proex\/wp-json\/wp\/v2\/posts\/4663"}],"collection":[{"href":"https:\/\/www2.uepg.br\/proex\/wp-json\/wp\/v2\/posts"}],"about":[{"href":"https:\/\/www2.uepg.br\/proex\/wp-json\/wp\/v2\/types\/post"}],"author":[{"embeddable":true,"href":"https:\/\/www2.uepg.br\/proex\/wp-json\/wp\/v2\/users\/91"}],"replies":[{"embeddable":true,"href":"https:\/\/www2.uepg.br\/proex\/wp-json\/wp\/v2\/comments?post=4663"}],"version-history":[{"count":2,"href":"https:\/\/www2.uepg.br\/proex\/wp-json\/wp\/v2\/posts\/4663\/revisions"}],"predecessor-version":[{"id":4698,"href":"https:\/\/www2.uepg.br\/proex\/wp-json\/wp\/v2\/posts\/4663\/revisions\/4698"}],"wp:featuredmedia":[{"embeddable":true,"href":"https:\/\/www2.uepg.br\/proex\/wp-json\/wp\/v2\/media\/4569"}],"wp:attachment":[{"href":"https:\/\/www2.uepg.br\/proex\/wp-json\/wp\/v2\/media?parent=4663"}],"wp:term":[{"taxonomy":"category","embeddable":true,"href":"https:\/\/www2.uepg.br\/proex\/wp-json\/wp\/v2\/categories?post=4663"},{"taxonomy":"post_tag","embeddable":true,"href":"https:\/\/www2.uepg.br\/proex\/wp-json\/wp\/v2\/tags?post=4663"}],"curies":[{"name":"wp","href":"https:\/\/api.w.org\/{rel}","templated":true}]}}