{"id":4670,"date":"2021-10-01T09:26:47","date_gmt":"2021-10-01T12:26:47","guid":{"rendered":"https:\/\/www2.uepg.br\/proex\/?p=4670"},"modified":"2021-10-01T09:29:13","modified_gmt":"2021-10-01T12:29:13","slug":"dia-internacional-do-idoso","status":"publish","type":"post","link":"https:\/\/www2.uepg.br\/proex\/dia-internacional-do-idoso\/","title":{"rendered":"Dia Internacional do Idoso"},"content":{"rendered":"<p>[embedyt] https:\/\/www.youtube.com\/watch?v=4Oyr1JQmbDk[\/embedyt]<\/p>\n<p style=\"text-align: left\">Em comemora\u00e7\u00e3o ao <strong>Dia Internacional do Idoso<\/strong> os projetos de extens\u00e3o NATIVIDADE (Atividade F\u00edsica para Idosos, vinculado ao Curso de Educa\u00e7\u00e3o F\u00edsica da UEPG) e NASJEPI (N\u00facleo de assist\u00eancia social, jur\u00eddica e de estudos sobre a pessoa idosa vinculado ao Curso de Servi\u00e7o Social da UEPG), em parceria com a Liga Acad\u00eamica de Geriatria e Gerontologia do Curso de Enfermagem da UEPG e o Conselho Municipal dos Direitos da Pessoa Idosa de Ponta Grossa\u2013 CMDPI\/PG, realizam duas lives no Youtube para debater sobre a import\u00e2ncia do envelhecimento ativo e inclusivo.<\/p>\n<p>Live Dia Internacional do Idoso &#8211; Velhice n\u00e3o \u00e9 doen\u00e7a: envelhecimento ativo e inclusivo. Dia 01\/10 \u00e0s 09h atrav\u00e9s do <strong><a href=\"https:\/\/www.youtube.com\/watch?v=pr5xqex0Ifw\">link<\/a>.<\/strong><\/p>\n<p>Live Dia Internacional do Idoso &#8211; Velhice \u00e9 doen\u00e7a?. Dia 01\/10 \u00e0s 17:30h atrav\u00e9s do <a href=\"https:\/\/www.youtube.com\/watch?v=Nh7vXw_AJys\">link<\/a>.<\/p>\n<div id=\"info\" class=\"style-scope ytd-video-primary-info-renderer\">\n<div id=\"info\" class=\"style-scope ytd-video-primary-info-renderer\"><\/div>\n<\/div>\n<p><a href=\"https:\/\/www2.uepg.br\/proex\/wp-content\/uploads\/sites\/8\/2021\/10\/WhatsApp-Image-2021-10-01-at-08.40.05-1.jpeg\"><img loading=\"lazy\" class=\"alignnone size-medium wp-image-4676\" src=\"https:\/\/www2.uepg.br\/proex\/wp-content\/uploads\/sites\/8\/2021\/10\/WhatsApp-Image-2021-10-01-at-08.40.05-1-300x300.jpeg\" alt=\"\" width=\"300\" height=\"300\" srcset=\"https:\/\/www2.uepg.br\/proex\/wp-content\/uploads\/sites\/8\/2021\/10\/WhatsApp-Image-2021-10-01-at-08.40.05-1-300x300.jpeg 300w, https:\/\/www2.uepg.br\/proex\/wp-content\/uploads\/sites\/8\/2021\/10\/WhatsApp-Image-2021-10-01-at-08.40.05-1-1024x1024.jpeg 1024w, https:\/\/www2.uepg.br\/proex\/wp-content\/uploads\/sites\/8\/2021\/10\/WhatsApp-Image-2021-10-01-at-08.40.05-1-150x150.jpeg 150w, https:\/\/www2.uepg.br\/proex\/wp-content\/uploads\/sites\/8\/2021\/10\/WhatsApp-Image-2021-10-01-at-08.40.05-1-768x768.jpeg 768w, https:\/\/www2.uepg.br\/proex\/wp-content\/uploads\/sites\/8\/2021\/10\/WhatsApp-Image-2021-10-01-at-08.40.05-1.jpeg 1080w\" sizes=\"(max-width: 300px) 100vw, 300px\" \/><\/a> <a href=\"https:\/\/www2.uepg.br\/proex\/wp-content\/uploads\/sites\/8\/2021\/10\/WhatsApp-Image-2021-10-01-at-08.40.05.jpeg\"><img loading=\"lazy\" class=\"alignnone size-medium wp-image-4677\" src=\"https:\/\/www2.uepg.br\/proex\/wp-content\/uploads\/sites\/8\/2021\/10\/WhatsApp-Image-2021-10-01-at-08.40.05-300x300.jpeg\" alt=\"\" width=\"300\" height=\"300\" srcset=\"https:\/\/www2.uepg.br\/proex\/wp-content\/uploads\/sites\/8\/2021\/10\/WhatsApp-Image-2021-10-01-at-08.40.05-300x300.jpeg 300w, https:\/\/www2.uepg.br\/proex\/wp-content\/uploads\/sites\/8\/2021\/10\/WhatsApp-Image-2021-10-01-at-08.40.05-1024x1024.jpeg 1024w, https:\/\/www2.uepg.br\/proex\/wp-content\/uploads\/sites\/8\/2021\/10\/WhatsApp-Image-2021-10-01-at-08.40.05-150x150.jpeg 150w, https:\/\/www2.uepg.br\/proex\/wp-content\/uploads\/sites\/8\/2021\/10\/WhatsApp-Image-2021-10-01-at-08.40.05-768x768.jpeg 768w, https:\/\/www2.uepg.br\/proex\/wp-content\/uploads\/sites\/8\/2021\/10\/WhatsApp-Image-2021-10-01-at-08.40.05.jpeg 1080w\" sizes=\"(max-width: 300px) 100vw, 300px\" \/><\/a><\/p>\n<p>&nbsp;<\/p>\n<p>&nbsp;<\/p>\n","protected":false},"excerpt":{"rendered":"<p>[embedyt] https:\/\/www.youtube.com\/watch?v=4Oyr1JQmbDk[\/embedyt] Em comemora\u00e7\u00e3o ao Dia Internacional do Idoso os projetos de extens\u00e3o NATIVIDADE (Atividade F\u00edsica para Idosos, vinculado ao Curso de Educa\u00e7\u00e3o F\u00edsica da UEPG) e NASJEPI (N\u00facleo de assist\u00eancia social, jur\u00eddica e de estudos sobre a pessoa idosa vinculado ao Curso de Servi\u00e7o Social da UEPG), em parceria com a Liga Acad\u00eamica de&nbsp;&hellip;<\/p>\n","protected":false},"author":384,"featured_media":4674,"comment_status":"closed","ping_status":"closed","sticky":false,"template":"","format":"standard","meta":[],"categories":[8],"tags":[],"_links":{"self":[{"href":"https:\/\/www2.uepg.br\/proex\/wp-json\/wp\/v2\/posts\/4670"}],"collection":[{"href":"https:\/\/www2.uepg.br\/proex\/wp-json\/wp\/v2\/posts"}],"about":[{"href":"https:\/\/www2.uepg.br\/proex\/wp-json\/wp\/v2\/types\/post"}],"author":[{"embeddable":true,"href":"https:\/\/www2.uepg.br\/proex\/wp-json\/wp\/v2\/users\/384"}],"replies":[{"embeddable":true,"href":"https:\/\/www2.uepg.br\/proex\/wp-json\/wp\/v2\/comments?post=4670"}],"version-history":[{"count":7,"href":"https:\/\/www2.uepg.br\/proex\/wp-json\/wp\/v2\/posts\/4670\/revisions"}],"predecessor-version":[{"id":4680,"href":"https:\/\/www2.uepg.br\/proex\/wp-json\/wp\/v2\/posts\/4670\/revisions\/4680"}],"wp:featuredmedia":[{"embeddable":true,"href":"https:\/\/www2.uepg.br\/proex\/wp-json\/wp\/v2\/media\/4674"}],"wp:attachment":[{"href":"https:\/\/www2.uepg.br\/proex\/wp-json\/wp\/v2\/media?parent=4670"}],"wp:term":[{"taxonomy":"category","embeddable":true,"href":"https:\/\/www2.uepg.br\/proex\/wp-json\/wp\/v2\/categories?post=4670"},{"taxonomy":"post_tag","embeddable":true,"href":"https:\/\/www2.uepg.br\/proex\/wp-json\/wp\/v2\/tags?post=4670"}],"curies":[{"name":"wp","href":"https:\/\/api.w.org\/{rel}","templated":true}]}}