{"id":4695,"date":"2021-10-08T08:57:22","date_gmt":"2021-10-08T11:57:22","guid":{"rendered":"https:\/\/www2.uepg.br\/proex\/?p=4695"},"modified":"2021-10-20T13:29:25","modified_gmt":"2021-10-20T16:29:25","slug":"cafes-virtuais-19o-conex-e-4o-eaex","status":"publish","type":"post","link":"https:\/\/www2.uepg.br\/proex\/cafes-virtuais-19o-conex-e-4o-eaex\/","title":{"rendered":"Caf\u00e9 Virtual do 19\u00ba CONEX e 4\u00ba EAEX"},"content":{"rendered":"<p>As inscri\u00e7\u00f5es para o 19\u00ba Encontro Conversando sobre a Extens\u00e3o \u2013 CONEX e o 4\u00ba Encontro Anual de Extens\u00e3o \u2013 EAEX est\u00e3o abertas. O evento organizado pela Pr\u00f3-Reitoria de Extens\u00e3o e Assuntos Culturais (PROEX), da Universidade Estadual de Ponta Grossa (UEPG), acontece de forma remota de 26 a 28 de outubro.<br \/>\nO evento contar\u00e1 com tr\u00eas Oficinas Virtuais que ocorrer\u00e3o durante a realiza\u00e7\u00e3o do evento.<\/p>\n<p>Oficina 1: Economia Solid\u00e1ria, extens\u00e3o e pandemia<br \/>\nDia 26\/10 \u00e0s 13:30h<br \/>\nAtrav\u00e9s do <a href=\"https:\/\/meet.google.com\/jjw-xsjv-gbd\"><strong>link<\/strong><\/a><\/p>\n<p>Oficina 2: Sa\u00fade Mental em Tempos de COVID-19<br \/>\nDia 27\/10 \u00e0s 13:30h<br \/>\nAtrav\u00e9s do <a href=\"https:\/\/meet.google.com\/vwk-svzb-rxm\"><strong>link<\/strong><\/a><\/p>\n<p><span class=\"JsGRdQ\">Oficina 3: Metodologias Ativas e suas rela\u00e7\u00f5es com as atividades extensionistas: possibilidades e desafios<br \/>\n<\/span>Dia 28\/10 \u00e0s 09:30h<br \/>\nAtrav\u00e9s do <a href=\"https:\/\/meet.google.com\/gwr-itmu-xop\"><strong>link<\/strong><\/a><\/p>\n<p>As inscri\u00e7\u00f5es s\u00e3o gratuitas e podem ser realizadas atrav\u00e9s do <a href=\"https:\/\/forms.gle\/1DPbiWj4sVqBYGL27\"><strong>link.<\/strong><\/a><\/p>\n<p>Contamos com a sua participa\u00e7\u00e3o!<\/p>\n","protected":false},"excerpt":{"rendered":"<p>As inscri\u00e7\u00f5es para o 19\u00ba Encontro Conversando sobre a Extens\u00e3o \u2013 CONEX e o 4\u00ba Encontro Anual de Extens\u00e3o \u2013 EAEX est\u00e3o abertas. O evento organizado pela Pr\u00f3-Reitoria de Extens\u00e3o e Assuntos Culturais (PROEX), da Universidade Estadual de Ponta Grossa (UEPG), acontece de forma remota de 26 a 28 de outubro. O evento contar\u00e1 com&nbsp;&hellip;<\/p>\n","protected":false},"author":367,"featured_media":4696,"comment_status":"closed","ping_status":"closed","sticky":false,"template":"","format":"standard","meta":[],"categories":[8],"tags":[],"_links":{"self":[{"href":"https:\/\/www2.uepg.br\/proex\/wp-json\/wp\/v2\/posts\/4695"}],"collection":[{"href":"https:\/\/www2.uepg.br\/proex\/wp-json\/wp\/v2\/posts"}],"about":[{"href":"https:\/\/www2.uepg.br\/proex\/wp-json\/wp\/v2\/types\/post"}],"author":[{"embeddable":true,"href":"https:\/\/www2.uepg.br\/proex\/wp-json\/wp\/v2\/users\/367"}],"replies":[{"embeddable":true,"href":"https:\/\/www2.uepg.br\/proex\/wp-json\/wp\/v2\/comments?post=4695"}],"version-history":[{"count":4,"href":"https:\/\/www2.uepg.br\/proex\/wp-json\/wp\/v2\/posts\/4695\/revisions"}],"predecessor-version":[{"id":4715,"href":"https:\/\/www2.uepg.br\/proex\/wp-json\/wp\/v2\/posts\/4695\/revisions\/4715"}],"wp:featuredmedia":[{"embeddable":true,"href":"https:\/\/www2.uepg.br\/proex\/wp-json\/wp\/v2\/media\/4696"}],"wp:attachment":[{"href":"https:\/\/www2.uepg.br\/proex\/wp-json\/wp\/v2\/media?parent=4695"}],"wp:term":[{"taxonomy":"category","embeddable":true,"href":"https:\/\/www2.uepg.br\/proex\/wp-json\/wp\/v2\/categories?post=4695"},{"taxonomy":"post_tag","embeddable":true,"href":"https:\/\/www2.uepg.br\/proex\/wp-json\/wp\/v2\/tags?post=4695"}],"curies":[{"name":"wp","href":"https:\/\/api.w.org\/{rel}","templated":true}]}}